{"id":156807,"date":"2014-10-20T18:00:51","date_gmt":"2014-10-20T16:00:51","guid":{"rendered":"http:\/\/www.radioluna.it\/news\/?p=156807"},"modified":"2014-10-20T19:22:53","modified_gmt":"2014-10-20T17:22:53","slug":"incendio-nel-locale-assolto-nerone","status":"publish","type":"post","link":"https:\/\/www.radioluna.it\/news\/2014\/10\/incendio-nel-locale-assolto-nerone\/","title":{"rendered":"Incendio nel locale, assolto Nerone"},"content":{"rendered":"<div id=\"fb-root\"><\/div>\n<p style=\"text-align: justify;\"><img loading=\"lazy\" decoding=\"async\" class=\"alignleft wp-image-122370 size-thumbnail\" src=\"http:\/\/www.radioluna.it\/news\/wp-content\/uploads\/2012\/07\/TRIBUNALE-150x150.jpg\" alt=\"TRIBUNALE\" width=\"150\" height=\"150\" srcset=\"https:\/\/www.radioluna.it\/news\/wp-content\/uploads\/2012\/07\/TRIBUNALE-150x150.jpg 150w, https:\/\/www.radioluna.it\/news\/wp-content\/uploads\/2012\/07\/TRIBUNALE-300x300.jpg 300w, https:\/\/www.radioluna.it\/news\/wp-content\/uploads\/2012\/07\/TRIBUNALE-50x50.jpg 50w, https:\/\/www.radioluna.it\/news\/wp-content\/uploads\/2012\/07\/TRIBUNALE-80x80.jpg 80w\" sizes=\"auto, (max-width: 150px) 100vw, 150px\" \/>LATINA- E&#8217; stato assolto dal Tribunale di Latina dall&#8217;accusa di aver appiccato il fuoco ad un locale in pieno centro in corso della Repubblica, \u00e8 la sentenza emessa nei confronti di Maurizio Pacifici, conosciuto come &lt;Nerone&gt; imputato nel processo che si \u00e8 svolto oggi in Tribunale. L&#8217;uomo che attualmente si trova detenuto nella clinica sorriso sul mare a Formia \u00e8 uscito definitivamente di scena da tutte le accuse.<\/p>\n","protected":false},"excerpt":{"rendered":"<p>LATINA- E&#8217; stato assolto dal Tribunale di Latina dall&#8217;accusa di aver appiccato il fuoco ad un locale in pieno centro in corso della Repubblica, \u00e8 la sentenza emessa nei confronti di Maurizio Pacifici, conosciuto come &lt;Nerone&gt; imputato nel processo che si \u00e8 svolto oggi in Tribunale. L&#8217;uomo che attualmente si trova detenuto nella clinica sorriso [&hellip;]<\/p>\n","protected":false},"author":60,"featured_media":122370,"comment_status":"open","ping_status":"closed","sticky":false,"template":"","format":"standard","meta":{"footnotes":""},"categories":[7],"tags":[],"class_list":["post-156807","post","type-post","status-publish","format-standard","has-post-thumbnail","hentry","category-cronaca"],"_links":{"self":[{"href":"https:\/\/www.radioluna.it\/news\/wp-json\/wp\/v2\/posts\/156807","targetHints":{"allow":["GET"]}}],"collection":[{"href":"https:\/\/www.radioluna.it\/news\/wp-json\/wp\/v2\/posts"}],"about":[{"href":"https:\/\/www.radioluna.it\/news\/wp-json\/wp\/v2\/types\/post"}],"author":[{"embeddable":true,"href":"https:\/\/www.radioluna.it\/news\/wp-json\/wp\/v2\/users\/60"}],"replies":[{"embeddable":true,"href":"https:\/\/www.radioluna.it\/news\/wp-json\/wp\/v2\/comments?post=156807"}],"version-history":[{"count":0,"href":"https:\/\/www.radioluna.it\/news\/wp-json\/wp\/v2\/posts\/156807\/revisions"}],"wp:featuredmedia":[{"embeddable":true,"href":"https:\/\/www.radioluna.it\/news\/wp-json\/wp\/v2\/media\/122370"}],"wp:attachment":[{"href":"https:\/\/www.radioluna.it\/news\/wp-json\/wp\/v2\/media?parent=156807"}],"wp:term":[{"taxonomy":"category","embeddable":true,"href":"https:\/\/www.radioluna.it\/news\/wp-json\/wp\/v2\/categories?post=156807"},{"taxonomy":"post_tag","embeddable":true,"href":"https:\/\/www.radioluna.it\/news\/wp-json\/wp\/v2\/tags?post=156807"}],"curies":[{"name":"wp","href":"https:\/\/api.w.org\/{rel}","templated":true}]}}