{"id":156819,"date":"2014-10-20T19:49:40","date_gmt":"2014-10-20T17:49:40","guid":{"rendered":"http:\/\/www.radioluna.it\/news\/?p=156819"},"modified":"2014-10-20T19:49:40","modified_gmt":"2014-10-20T17:49:40","slug":"il-sito-dellavio-non-chiudera-incontro-tra-amministratore-delegato-e-neo-presidente-della-provincia-della-penna","status":"publish","type":"post","link":"https:\/\/www.radioluna.it\/news\/2014\/10\/il-sito-dellavio-non-chiudera-incontro-tra-amministratore-delegato-e-neo-presidente-della-provincia-della-penna\/","title":{"rendered":"Il sito dell&#8217;Avio non chiuder\u00e0. Incontro tra amministratore delegato e neo presidente della Provincia Della Penna"},"content":{"rendered":"<div id=\"fb-root\"><\/div>\n<div id=\"attachment_152462\" style=\"width: 603px\" class=\"wp-caption aligncenter\"><img loading=\"lazy\" decoding=\"async\" aria-describedby=\"caption-attachment-152462\" class=\"size-full wp-image-152462\" src=\"http:\/\/www.radioluna.it\/news\/wp-content\/uploads\/2014\/07\/AVIO-593x443.jpg\" alt=\"(foto da roma.corriere.it)\" width=\"593\" height=\"443\" srcset=\"https:\/\/www.radioluna.it\/news\/wp-content\/uploads\/2014\/07\/AVIO-593x443.jpg 593w, https:\/\/www.radioluna.it\/news\/wp-content\/uploads\/2014\/07\/AVIO-593x443-500x374.jpg 500w, https:\/\/www.radioluna.it\/news\/wp-content\/uploads\/2014\/07\/AVIO-593x443-300x224.jpg 300w\" sizes=\"auto, (max-width: 593px) 100vw, 593px\" \/><p id=\"caption-attachment-152462\" class=\"wp-caption-text\">(foto da roma.corriere.it)<\/p><\/div>\n<p>LATINA &#8211; Il sito dell&#8217;Avio Interiors non chiuder\u00e0.\u00a0La neo Presidente della Provincia Eleonora Della Penna ha incontrato l\u2019amministratore delegato della societ\u00e0 Ermanno De Vecchi, ribadendo l&#8217;impegno dell&#8217;Ente volto a mantenere il pi\u00f9 alto possibile il livello occupazione della Provincia. \u00a0&#8220;L&#8217;amministratore delegato De Vecchi mi ha esplicitato \u2013 dichiara la Presidente Della Penna &#8211; la volont\u00e0 di mantenere aperto il sito, che di certo andr\u00e0 rimodernato e rilanciato, e questo non pu\u00f2 che essere positivo per il nostro territorio. L\u2019amministratore ci ha tenuto a precisare che i numeri riguardanti i licenziamenti non sono reali e la mia richiesta \u00e8 stata di avere dei dati precisi entro le prossime 48 ore. De Vecchi nelle prossime ore incontrer\u00e0 i sindacati e fra due giorni mi aggiorner\u00e0 sugli sviluppi. Sar\u00e0 mio dovere garantire che la situazione venga gestita nel modo pi\u00f9 corretto ed equo possibile, procrastinando di 48 ore la convocazione dei tavoli istituzionali&#8221;.<\/p>\n","protected":false},"excerpt":{"rendered":"<p>LATINA &#8211; Il sito dell&#8217;Avio Interiors non chiuder\u00e0.\u00a0La neo Presidente della Provincia Eleonora Della Penna ha incontrato l\u2019amministratore delegato della societ\u00e0 Ermanno De Vecchi, ribadendo l&#8217;impegno dell&#8217;Ente volto a mantenere il pi\u00f9 alto possibile il livello occupazione della Provincia. \u00a0&#8220;L&#8217;amministratore delegato De Vecchi mi ha esplicitato \u2013 dichiara la Presidente Della Penna &#8211; la volont\u00e0 [&hellip;]<\/p>\n","protected":false},"author":60,"featured_media":152462,"comment_status":"open","ping_status":"closed","sticky":false,"template":"","format":"standard","meta":{"footnotes":""},"categories":[11,8],"tags":[],"class_list":["post-156819","post","type-post","status-publish","format-standard","has-post-thumbnail","hentry","category-economia","category-politica"],"_links":{"self":[{"href":"https:\/\/www.radioluna.it\/news\/wp-json\/wp\/v2\/posts\/156819","targetHints":{"allow":["GET"]}}],"collection":[{"href":"https:\/\/www.radioluna.it\/news\/wp-json\/wp\/v2\/posts"}],"about":[{"href":"https:\/\/www.radioluna.it\/news\/wp-json\/wp\/v2\/types\/post"}],"author":[{"embeddable":true,"href":"https:\/\/www.radioluna.it\/news\/wp-json\/wp\/v2\/users\/60"}],"replies":[{"embeddable":true,"href":"https:\/\/www.radioluna.it\/news\/wp-json\/wp\/v2\/comments?post=156819"}],"version-history":[{"count":0,"href":"https:\/\/www.radioluna.it\/news\/wp-json\/wp\/v2\/posts\/156819\/revisions"}],"wp:featuredmedia":[{"embeddable":true,"href":"https:\/\/www.radioluna.it\/news\/wp-json\/wp\/v2\/media\/152462"}],"wp:attachment":[{"href":"https:\/\/www.radioluna.it\/news\/wp-json\/wp\/v2\/media?parent=156819"}],"wp:term":[{"taxonomy":"category","embeddable":true,"href":"https:\/\/www.radioluna.it\/news\/wp-json\/wp\/v2\/categories?post=156819"},{"taxonomy":"post_tag","embeddable":true,"href":"https:\/\/www.radioluna.it\/news\/wp-json\/wp\/v2\/tags?post=156819"}],"curies":[{"name":"wp","href":"https:\/\/api.w.org\/{rel}","templated":true}]}}