{"id":156968,"date":"2014-10-23T18:00:48","date_gmt":"2014-10-23T16:00:48","guid":{"rendered":"http:\/\/www.radioluna.it\/news\/?p=156968"},"modified":"2014-10-23T19:32:05","modified_gmt":"2014-10-23T17:32:05","slug":"rintracciata-minorenne-filippina-scomparsa-da-cosenza","status":"publish","type":"post","link":"https:\/\/www.radioluna.it\/news\/2014\/10\/rintracciata-minorenne-filippina-scomparsa-da-cosenza\/","title":{"rendered":"Rintracciata minorenne filippina scomparsa da Cosenza"},"content":{"rendered":"<div id=\"fb-root\"><\/div>\n<div id=\"attachment_68648\" style=\"width: 160px\" class=\"wp-caption alignleft\"><img loading=\"lazy\" decoding=\"async\" aria-describedby=\"caption-attachment-68648\" class=\"wp-image-68648 size-thumbnail\" src=\"http:\/\/www.radioluna.it\/news\/wp-content\/uploads\/2011\/02\/questura-edificio-150x150.jpg\" alt=\"Questura di Latina\" width=\"150\" height=\"150\" srcset=\"https:\/\/www.radioluna.it\/news\/wp-content\/uploads\/2011\/02\/questura-edificio-150x150.jpg 150w, https:\/\/www.radioluna.it\/news\/wp-content\/uploads\/2011\/02\/questura-edificio-300x300.jpg 300w, https:\/\/www.radioluna.it\/news\/wp-content\/uploads\/2011\/02\/questura-edificio-80x80.jpg 80w, https:\/\/www.radioluna.it\/news\/wp-content\/uploads\/2011\/02\/questura-edificio-35x35.jpg 35w, https:\/\/www.radioluna.it\/news\/wp-content\/uploads\/2011\/02\/questura-edificio-55x55.jpg 55w, https:\/\/www.radioluna.it\/news\/wp-content\/uploads\/2011\/02\/questura-edificio-45x45.jpg 45w, https:\/\/www.radioluna.it\/news\/wp-content\/uploads\/2011\/02\/questura-edificio-70x70.jpg 70w, https:\/\/www.radioluna.it\/news\/wp-content\/uploads\/2011\/02\/questura-edificio-110x110.jpg 110w\" sizes=\"auto, (max-width: 150px) 100vw, 150px\" \/><p id=\"caption-attachment-68648\" class=\"wp-caption-text\">Questura di Latina<\/p><\/div>\n<p style=\"text-align: justify;\">LATINA &#8211;\u00a0Rintracciata una minore filippina scomparsa alcuni giorni fa da Cosenza. Ieri sera la Polizia di Stato ha rintracciato M. M. R. del 98. Le ricerche si erano dirette verso il comune della Provincia di Latina, in quanto la mamma della giovane scomparsa, controllando alcune pagine \u201cfacebook\u201d del profilo della giovane, aveva individuato alcuni amici filippini della figlia residenti a Cisterna. Dopo alcune ricerche ieri sera, intorno alle ore 21, finalmente il cellulare della ragazza \u00e8 stato agganciato da un ripetitore che copre la zona del centro storico di Cisterna. Immediato l\u2019invio di una volante del Commissariato e di personale dell\u2019Ufficio Anticrimine che hanno iniziato a perlustrare la zona, concentrandosi \u00a0su alcune abitazioni di Piazza Cavalieri di Vittorio Veneto, dove vivono cittadini filippini. Dopo un breve servizio di osservazione, gli agenti hanno trovato la ragazza in un\u00a0appartamento, in compagnia di un\u2019anziana donna e un bambino. Alle prime domande degli investigatori la ragazza ha riferito di essersi allontanata da Cosenza gi\u00e0 lo scorso week end insieme con il fratellastro e di essere venuta a Cisterna, soprattutto perch\u00e9 non sopportava pi\u00f9 i rimproveri della mamma causati dal voler vivere secondo gli usi ed i costumi \u201coccidentali\u201d. Accompagnata in Commissariato, la giovane \u00a0\u00e8 stata riaffidata all\u2019alba alla mamma, giunta da Cosenza dopo un viaggio in autobus durato tutta la notte.<\/p>\n<p style=\"text-align: justify;\">\n","protected":false},"excerpt":{"rendered":"<p>LATINA &#8211;\u00a0Rintracciata una minore filippina scomparsa alcuni giorni fa da Cosenza. Ieri sera la Polizia di Stato ha rintracciato M. M. R. del 98. Le ricerche si erano dirette verso il comune della Provincia di Latina, in quanto la mamma della giovane scomparsa, controllando alcune pagine \u201cfacebook\u201d del profilo della giovane, aveva individuato alcuni amici [&hellip;]<\/p>\n","protected":false},"author":60,"featured_media":68648,"comment_status":"open","ping_status":"closed","sticky":false,"template":"","format":"standard","meta":{"footnotes":""},"categories":[7],"tags":[],"class_list":["post-156968","post","type-post","status-publish","format-standard","has-post-thumbnail","hentry","category-cronaca"],"_links":{"self":[{"href":"https:\/\/www.radioluna.it\/news\/wp-json\/wp\/v2\/posts\/156968","targetHints":{"allow":["GET"]}}],"collection":[{"href":"https:\/\/www.radioluna.it\/news\/wp-json\/wp\/v2\/posts"}],"about":[{"href":"https:\/\/www.radioluna.it\/news\/wp-json\/wp\/v2\/types\/post"}],"author":[{"embeddable":true,"href":"https:\/\/www.radioluna.it\/news\/wp-json\/wp\/v2\/users\/60"}],"replies":[{"embeddable":true,"href":"https:\/\/www.radioluna.it\/news\/wp-json\/wp\/v2\/comments?post=156968"}],"version-history":[{"count":0,"href":"https:\/\/www.radioluna.it\/news\/wp-json\/wp\/v2\/posts\/156968\/revisions"}],"wp:featuredmedia":[{"embeddable":true,"href":"https:\/\/www.radioluna.it\/news\/wp-json\/wp\/v2\/media\/68648"}],"wp:attachment":[{"href":"https:\/\/www.radioluna.it\/news\/wp-json\/wp\/v2\/media?parent=156968"}],"wp:term":[{"taxonomy":"category","embeddable":true,"href":"https:\/\/www.radioluna.it\/news\/wp-json\/wp\/v2\/categories?post=156968"},{"taxonomy":"post_tag","embeddable":true,"href":"https:\/\/www.radioluna.it\/news\/wp-json\/wp\/v2\/tags?post=156968"}],"curies":[{"name":"wp","href":"https:\/\/api.w.org\/{rel}","templated":true}]}}