{"id":157220,"date":"2014-10-29T09:54:21","date_gmt":"2014-10-29T08:54:21","guid":{"rendered":"http:\/\/www.radioluna.it\/news\/?p=157220"},"modified":"2014-10-29T09:54:21","modified_gmt":"2014-10-29T08:54:21","slug":"calcio-a-5-rapidoo-asti-domenica-al-palabianchini","status":"publish","type":"post","link":"https:\/\/www.radioluna.it\/news\/2014\/10\/calcio-a-5-rapidoo-asti-domenica-al-palabianchini\/","title":{"rendered":"Calcio a 5, Rapidoo-Asti domenica al Palabianchini"},"content":{"rendered":"<div id=\"fb-root\"><\/div>\n<p><img loading=\"lazy\" decoding=\"async\" class=\"alignleft size-medium wp-image-149058\" src=\"http:\/\/www.radioluna.it\/news\/wp-content\/uploads\/2014\/04\/rapidoo-300x225.jpg\" alt=\"rapidoo\" width=\"300\" height=\"225\" srcset=\"https:\/\/www.radioluna.it\/news\/wp-content\/uploads\/2014\/04\/rapidoo-300x225.jpg 300w, https:\/\/www.radioluna.it\/news\/wp-content\/uploads\/2014\/04\/rapidoo-768x576.jpg 768w, https:\/\/www.radioluna.it\/news\/wp-content\/uploads\/2014\/04\/rapidoo-500x375.jpg 500w, https:\/\/www.radioluna.it\/news\/wp-content\/uploads\/2014\/04\/rapidoo-635x476.jpg 635w, https:\/\/www.radioluna.it\/news\/wp-content\/uploads\/2014\/04\/rapidoo-800x600.jpg 800w, https:\/\/www.radioluna.it\/news\/wp-content\/uploads\/2014\/04\/rapidoo.jpg 960w\" sizes=\"auto, (max-width: 300px) 100vw, 300px\" \/><\/p>\n<p><strong>LATINA<\/strong> &#8211;\u00a0La Rapidoo Latina Calcio a 5, marcia spedita verso la sfida con l&#8217;Asti, in programma domenica 2 novembre alle 17.30 al PalaBianchini. Nella giornata di oggi rientrer\u00e0 dal Kuwait, Battistoni, che \u00a0ha giocato la finale con l&#8217;Argentina della Futsal Continental Cup contro la Repubblica Ceca. Contro l&#8217;Asti, squadra costruita per vincere il campionato, il tecnico Giampaolo dovr\u00e0 fare a meno del portiere Gilli, appiedato per un turno dopo l&#8217;espulsione di Pescara e di Angeletti, che sta svolgendo ancora un lavoro differenziato. Oltre, naturalmente, a Lucas Maina, che ha davanti a se ancora un mese di preparazione, prima di tornare a lavorare completamente con il gruppo e, dunque, ad essere a disposizione del proprio tecnico. Dopo aver scontato la squalifica, torner\u00e0 invece a disposizione Menini. La squadra, complice la partita del volley, oggi (mercoledi 29 ottobre) non potr\u00e0 allenarsi, ma in compenso lo sta facendo bene gi\u00e0 da una settimana e, proprio in virt\u00f9 di questo stop forzato, Giampaolo ha fatto svolgre ai suoi ragazzi una seduta pi\u00f9 lunga nella giornata di marted\u00ec 28 ottobre, con una parte dedicata al video e, dunque, alla visione dell&#8217;ultima partita dell&#8217;Asti. \u201cStiamo preparando questa sfida nel migliore dei modi \u2013 ha tenuto a precisare Giampaolo \u2013 Sappiamo, e non lo scopriamo certamente ora, che sar\u00e0 una partita molto dura, ma noi siamo pronti, come sempre, ad affrontarla nel migliore dei modi, convinti di poter far molto bene, cos\u00ec come \u00e8 accaduto sia contro la Luparense, che contro il Citt\u00e0 di Sestu. L&#8217;Asti \u00e8 una squadra costruita per vincere, ma noi abbiamo gi\u00e0 dato prova, in pi\u00f9 occasioni, di potercela giocare alla pari con tutti e sono convinto che sar\u00e0 cos\u00ec anche contro i piemontesi\u201d. L&#8217;Asti, che ha gi\u00e0 osservato il proprio turno di riposo in campionato, ha al suo attivo una vittoria, un pareggio ed una sconfitta e, prima del riposo, ha sconfitto per 5-2 l&#8217;Acqua&amp;Sapone Emmegross, squadra che, prima della sosta, ha superato la Rapidoo Latina Calcio a 5. La partita \u00e8 in programma domenica 2 novembre alle 17.30 e il presidente La Starza confida molto, anche, sull&#8217;apporti della gente che, sempre domenica 2 novembre, alle 12.30, assister\u00e0 nel vicino \u201cFrancioni\u201d al derby tra Latina e Frosinone. \u201cIl nostro pubblico, nelle prime due uscite casalinghe contro Luparense e Citt\u00e0 di Sestu, non ci ha fatto mancare il proprio apporto \u2013 ha spiegato lo stesso Giampaolo \u2013 Non credo che giocare di domenica, possa portarlo a disertare il PalaBianchini. Per noi, non sar\u00e0 affatto un problema, anche perch\u00e8 il concomitante derby tra Latina e Frosinone, si giocher\u00e0 alle 12.30\u201d.<\/p>\n","protected":false},"excerpt":{"rendered":"<p>LATINA &#8211;\u00a0La Rapidoo Latina Calcio a 5, marcia spedita verso la sfida con l&#8217;Asti, in programma domenica 2 novembre alle 17.30 al PalaBianchini. Nella giornata di oggi rientrer\u00e0 dal Kuwait, Battistoni, che \u00a0ha giocato la finale con l&#8217;Argentina della Futsal Continental Cup contro la Repubblica Ceca. Contro l&#8217;Asti, squadra costruita per vincere il campionato, il [&hellip;]<\/p>\n","protected":false},"author":62,"featured_media":149058,"comment_status":"open","ping_status":"closed","sticky":false,"template":"","format":"standard","meta":{"footnotes":""},"categories":[17],"tags":[],"class_list":["post-157220","post","type-post","status-publish","format-standard","has-post-thumbnail","hentry","category-sport"],"_links":{"self":[{"href":"https:\/\/www.radioluna.it\/news\/wp-json\/wp\/v2\/posts\/157220","targetHints":{"allow":["GET"]}}],"collection":[{"href":"https:\/\/www.radioluna.it\/news\/wp-json\/wp\/v2\/posts"}],"about":[{"href":"https:\/\/www.radioluna.it\/news\/wp-json\/wp\/v2\/types\/post"}],"author":[{"embeddable":true,"href":"https:\/\/www.radioluna.it\/news\/wp-json\/wp\/v2\/users\/62"}],"replies":[{"embeddable":true,"href":"https:\/\/www.radioluna.it\/news\/wp-json\/wp\/v2\/comments?post=157220"}],"version-history":[{"count":0,"href":"https:\/\/www.radioluna.it\/news\/wp-json\/wp\/v2\/posts\/157220\/revisions"}],"wp:featuredmedia":[{"embeddable":true,"href":"https:\/\/www.radioluna.it\/news\/wp-json\/wp\/v2\/media\/149058"}],"wp:attachment":[{"href":"https:\/\/www.radioluna.it\/news\/wp-json\/wp\/v2\/media?parent=157220"}],"wp:term":[{"taxonomy":"category","embeddable":true,"href":"https:\/\/www.radioluna.it\/news\/wp-json\/wp\/v2\/categories?post=157220"},{"taxonomy":"post_tag","embeddable":true,"href":"https:\/\/www.radioluna.it\/news\/wp-json\/wp\/v2\/tags?post=157220"}],"curies":[{"name":"wp","href":"https:\/\/api.w.org\/{rel}","templated":true}]}}