{"id":157225,"date":"2014-10-29T11:27:26","date_gmt":"2014-10-29T10:27:26","guid":{"rendered":"http:\/\/www.radioluna.it\/news\/?p=157225"},"modified":"2014-10-29T11:27:26","modified_gmt":"2014-10-29T10:27:26","slug":"verso-il-derby-senza-brosco-e-valiani","status":"publish","type":"post","link":"https:\/\/www.radioluna.it\/news\/2014\/10\/verso-il-derby-senza-brosco-e-valiani\/","title":{"rendered":"Verso il derby senza Brosco e Valiani"},"content":{"rendered":"<div id=\"fb-root\"><\/div>\n<p align=\"JUSTIFY\"><img loading=\"lazy\" decoding=\"async\" class=\"alignleft size-medium wp-image-152627\" src=\"http:\/\/www.radioluna.it\/news\/wp-content\/uploads\/2014\/07\/brosco_latina_-300x144.jpg\" alt=\"brosco_latina_\" width=\"300\" height=\"144\" \/><\/p>\n<p align=\"JUSTIFY\"><span style=\"color: #000000;\"><span style=\"font-family: 'Times New Roman', serif;\"><span style=\"font-size: medium;\"><span style=\"font-family: 'Open Sans', sans-serif;\"><span style=\"font-size: small;\">LATINA- Dopo il pareggio beffa di La Spezia la testa del Latina \u00e8 gi\u00e0 proiettata al derby di domenica alle 12,30 al Francioni contro il Frosinone. Non ci sar\u00e0 Francesco Valiani, espulso al Picco per doppia ammonizione, oltre a lui mancher\u00e0 anche il difensore Riccardo Brosco che era in diffida e in vista della gara contro il Frosinone, il tecnico \u00a0Breda dovr\u00e0 cambiare assetto alla difesa. Intanto procede bene la prevendita dei biglietti, al Francioni \u00e8 previsto con ogni probabilit\u00e0 il tutto esaurito, saranno invece 400 i tifosi ospiti. Dalle 8,30 l&#8217;area attorno allo stadio sar\u00e0 chiusa al traffico per motivi di ordine pubblico. <\/span><\/span><\/span><\/span><\/span><\/p>\n","protected":false},"excerpt":{"rendered":"<p>LATINA- Dopo il pareggio beffa di La Spezia la testa del Latina \u00e8 gi\u00e0 proiettata al derby di domenica alle 12,30 al Francioni contro il Frosinone. Non ci sar\u00e0 Francesco Valiani, espulso al Picco per doppia ammonizione, oltre a lui mancher\u00e0 anche il difensore Riccardo Brosco che era in diffida e in vista della gara [&hellip;]<\/p>\n","protected":false},"author":62,"featured_media":152627,"comment_status":"open","ping_status":"closed","sticky":false,"template":"","format":"standard","meta":{"footnotes":""},"categories":[17],"tags":[],"class_list":["post-157225","post","type-post","status-publish","format-standard","has-post-thumbnail","hentry","category-sport"],"_links":{"self":[{"href":"https:\/\/www.radioluna.it\/news\/wp-json\/wp\/v2\/posts\/157225","targetHints":{"allow":["GET"]}}],"collection":[{"href":"https:\/\/www.radioluna.it\/news\/wp-json\/wp\/v2\/posts"}],"about":[{"href":"https:\/\/www.radioluna.it\/news\/wp-json\/wp\/v2\/types\/post"}],"author":[{"embeddable":true,"href":"https:\/\/www.radioluna.it\/news\/wp-json\/wp\/v2\/users\/62"}],"replies":[{"embeddable":true,"href":"https:\/\/www.radioluna.it\/news\/wp-json\/wp\/v2\/comments?post=157225"}],"version-history":[{"count":0,"href":"https:\/\/www.radioluna.it\/news\/wp-json\/wp\/v2\/posts\/157225\/revisions"}],"wp:featuredmedia":[{"embeddable":true,"href":"https:\/\/www.radioluna.it\/news\/wp-json\/wp\/v2\/media\/152627"}],"wp:attachment":[{"href":"https:\/\/www.radioluna.it\/news\/wp-json\/wp\/v2\/media?parent=157225"}],"wp:term":[{"taxonomy":"category","embeddable":true,"href":"https:\/\/www.radioluna.it\/news\/wp-json\/wp\/v2\/categories?post=157225"},{"taxonomy":"post_tag","embeddable":true,"href":"https:\/\/www.radioluna.it\/news\/wp-json\/wp\/v2\/tags?post=157225"}],"curies":[{"name":"wp","href":"https:\/\/api.w.org\/{rel}","templated":true}]}}