{"id":157286,"date":"2014-10-30T20:20:37","date_gmt":"2014-10-30T19:20:37","guid":{"rendered":"http:\/\/www.radioluna.it\/news\/?p=157286"},"modified":"2014-10-30T20:23:01","modified_gmt":"2014-10-30T19:23:01","slug":"provincia-il-giuramento-del-neo-presidente-della-penna","status":"publish","type":"post","link":"https:\/\/www.radioluna.it\/news\/2014\/10\/provincia-il-giuramento-del-neo-presidente-della-penna\/","title":{"rendered":"Provincia: il giuramento del neo presidente Della Penna. Presentate le linee di programma per il governo"},"content":{"rendered":"<div id=\"fb-root\"><\/div>\n<p style=\"text-align: justify;\"><strong><img loading=\"lazy\" decoding=\"async\" class=\"aligncenter size-thumbnail wp-image-157287\" src=\"http:\/\/www.radioluna.it\/news\/wp-content\/uploads\/2014\/10\/della-penna-giuramento-635x357.jpg\" alt=\"della penna giuramento\" width=\"635\" height=\"357\" srcset=\"https:\/\/www.radioluna.it\/news\/wp-content\/uploads\/2014\/10\/della-penna-giuramento-635x357.jpg 635w, https:\/\/www.radioluna.it\/news\/wp-content\/uploads\/2014\/10\/della-penna-giuramento-300x169.jpg 300w, https:\/\/www.radioluna.it\/news\/wp-content\/uploads\/2014\/10\/della-penna-giuramento-768x432.jpg 768w, https:\/\/www.radioluna.it\/news\/wp-content\/uploads\/2014\/10\/della-penna-giuramento-500x281.jpg 500w, https:\/\/www.radioluna.it\/news\/wp-content\/uploads\/2014\/10\/della-penna-giuramento-1024x576.jpg 1024w, https:\/\/www.radioluna.it\/news\/wp-content\/uploads\/2014\/10\/della-penna-giuramento-800x450.jpg 800w, https:\/\/www.radioluna.it\/news\/wp-content\/uploads\/2014\/10\/della-penna-giuramento.jpg 1000w\" sizes=\"auto, (max-width: 635px) 100vw, 635px\" \/>LATINA<\/strong> \u00a0&#8211;\u00a0\u201cQuello che oggi stiamo vivendo non \u00e8 un mero e semplice ricambio di organi e di amministratori, oggi cominciamo a lavorare per costruire una nuova governance di pi\u00f9 alto livello, capace di orientare e stimolare lo sviluppo, promuovere la giustizia e la coesione sociale\u201d. Sono le parole pronunciate oggi pomeriggio da Eleonora Della Penna neo presidente della Provincia eletta il 12 ottobre con pi\u00f9 del 60% delle preferenze, che ha giurato davanti all&#8217;assise composta da dodici membri eletti dai consiglieri comunali del territorio pontino.<\/p>\n<p style=\"text-align: justify;\">La nuova Provincia di Latina, nelle linee programmatiche del nuovo mandato, cercher\u00e0 con ogni mezzo un maggiore grado di coinvolgimento e di responsabilit\u00e0 dei Comuni: l&#8217;assemblea dei sindaci sar\u00e0 il luogo\u00a0dove tutti e trentatr\u00e9 i comuni saranno sollecitati a porsi in una\u00a0prospettiva di maggiore solidariet\u00e0 e capacit\u00e0 di collaborazione.<\/p>\n<p style=\"text-align: justify;\"><strong>INTERVENTI<\/strong>: Si punter\u00e0 al recupero di produttivit\u00e0 dei servizi alla cittadinanza. Tra gli interventi di sviluppo sostenibile Della Penna vuole rivedere, ad esempio, la funzione del complesso dell\u2019ex Rossi Sud che potrebbe essere destinato a forme di utilizzo flessibile, a servizio degli attori del territorio\u00a0attraverso l\u2019adozione di un regolamento di utilizzo, che lo\u00a0renda pienamente accessibile e fruibile ed al contempo ne\u00a0garantisca la redditivit\u00e0.<\/p>\n<p style=\"text-align: justify;\">Tra le linee programmatiche anche la riqualificazione del porto di Gaeta inserito in un pi\u00f9 ampio modello di sviluppo delle \u201cvie del mare\u201d e infine la ricerca di nuove forme di copertura finanziaria attraverso un maggiore coinvolgimento dei privati per la realizzazione e gestione di opere di interesse collettivo. Altro punto fondamentale:\u00a0la gestione attenta e partecipata delle crisi industriali\u00a0attivando logiche di sistema con le associazioni di categoria, i\u00a0sindacati, la Regione, lo Stato ed i Comuni, per recuperare\u00a0competitivit\u00e0 ed occupazione.<\/p>\n<p style=\"text-align: justify;\">&#8220;Ci\u00f2 sar\u00e0 possibile solo attraverso il buon esercizio delle funzioni\u00a0fondamentali previste dalla Legge: come\u00a0piani di settore finalizzati alla corretta gestione del ciclo\u00a0dei rifiuti urbani, tendente alla gestione il pi\u00f9 organica\u00a0possibile del ciclo all\u2019interno della Provincia;\u00a0pianificazione dei servizi di trasporto in ambito provinciale,\u00a0autorizzazione e controllo in materia di trasporto privato, in\u00a0coerenza con la programmazione regionale, nonch\u00e9 costruzione\u00a0e gestione delle strade provinciali e regolazione della circolazione\u00a0stradale,\u00a0programmazione provinciale della rete scolastica, \u00a0per promuovere la qualificazione dell\u2019offerta formativa\u00a0anche attraverso scelte coraggiose tese a razionalizzare.<\/p>\n<p style=\"text-align: justify;\"><strong>ETICA<\/strong>. Tuttavia nessuna delle nostre attivit\u00e0, azione o programma sar\u00e0\u00a0destinata al successo senza una radicale condivisione di fondo di alcuni\u00a0principi che per noi rivestono un valore fondamentale e che devono informare il nostro modello di sviluppo, quali: l\u2019etica politica, la \u00a0lungimiranza nelle scelte, il primato della legalit\u00e0 e della sicurezza, la promozione della solidariet\u00e0 e della cultura della vicinanza.<\/p>\n<p style=\"text-align: justify;\"><strong>SVILUPPO<\/strong>. La ridisegnata Provincia di Latina si propone come luogo strategico,\u00a0come facilitatore e volano per lo sviluppo associato di funzioni\u00a0fondamentali che per complessit\u00e0 o livello di specializzazione richiesta\u00a0eccedono le possibilit\u00e0 della maggioranza dei comuni:<br \/>\nricerca di finanziamenti europei;\u00a0valorizzazione dell\u2019offerta turistica in un ottica di sistema\u00a0territoriale che coniughi le diverse opportunit\u00e0 offerte da ogni\u00a0Comune;\u00a0\u00a0attivit\u00e0 richiedenti alta professionalit\u00e0 o specializzazione, quali ad\u00a0esempio l\u2019assistenza e la gestione in materia di contratti pubblici e\u00a0di acquisti di servizi e forniture;\u00a0\u00a0formazione e selezione del personale;\u00a0funzioni dell\u2019avvocatura edi supporto alle procedure di esproprio.<\/p>\n<p style=\"text-align: justify;\"><strong>CRITICITA&#8217;<\/strong>. &#8220;Sar\u00e0 necessario porre mano\u00a0all\u2019organizzazione generale degli uffici e dei servizi dell\u2019ente, con\u00a0l\u2019obiettivo di ridurre gli sprechi e valorizzare al meglio le risorse e le\u00a0professionalit\u00e0 a disposizione privilegiando la meritocrazia ed\u00a0elevandola a valore assoluto.\u00a0In questa linea di pensiero si inserisce tra gli altri, il tema collegato alla\u00a0Societ\u00e0 Latina Formazione, nostra societ\u00e0 partecipata, per la quale si\u00a0ritiene opportuno e qualificante puntare verso una maggiore\u00a0partecipazione degli uffici in termini di indirizzo, programmazione e\u00a0controllo. Prevediamo nuovi modelli di gestione dal punto di vista dei\u00a0servizi e dell\u2019offerta formativa, che sappiano porre in essere percorsi di\u00a0avviamento al lavoro, in un\u2019ottica di contenimento e razionalizzazione\u00a0della spesa&#8221;.<\/p>\n<p style=\"text-align: justify;\">Attenzione sar\u00e0 rivolta al ruolo che dovr\u00e0 svolgere la Segreteria\u00a0Tecnica Operativa nell\u2019Ente d\u2019ambito ATO 4, che dovr\u00e0 svolgere con\u00a0maggiore forza le funzioni di controllo ad essa demandate dalla legge\u00a0nei confronti del gestore del Servizio Idrico Integrato. &#8220;Sar\u00e0 inoltre mia\u00a0cura &#8211; spiega Della Penna \u00a0&#8211; sollecitare in ogni sede i sindaci dell\u2019ATO 4, affinch\u00e9 venga\u00a0esercitato con maggior peso il ruolo di socio pubblico da loro rivestito in\u00a0Acqualatina.\u00a0Tutto questo, ed altro, deve concretizzarsi nel nostro coraggio di\u00a0scegliere. Non dobbiamo aver paura di avviare processi ambiziosi ed\u00a0innovativi che potranno, se opportunamente supportati da tutti noi &#8211;\u00a0Consiglieri provinciali e Sindaci &#8211; garantire alla Provincia di Latina ed ai\u00a0suoi trentatr\u00e9 comuni un futuro migliore ed un auspicato sviluppo nel\u00a0segno della discontinuit\u00e0&#8221;.<\/p>\n<p style=\"text-align: justify;\">\n","protected":false},"excerpt":{"rendered":"<p>LATINA \u00a0&#8211;\u00a0\u201cQuello che oggi stiamo vivendo non \u00e8 un mero e semplice ricambio di organi e di amministratori, oggi cominciamo a lavorare per costruire una nuova governance di pi\u00f9 alto livello, capace di orientare e stimolare lo sviluppo, promuovere la giustizia e la coesione sociale\u201d. Sono le parole pronunciate oggi pomeriggio da Eleonora Della Penna [&hellip;]<\/p>\n","protected":false},"author":60,"featured_media":157287,"comment_status":"open","ping_status":"closed","sticky":false,"template":"","format":"standard","meta":{"footnotes":""},"categories":[7,8],"tags":[],"class_list":["post-157286","post","type-post","status-publish","format-standard","has-post-thumbnail","hentry","category-cronaca","category-politica"],"_links":{"self":[{"href":"https:\/\/www.radioluna.it\/news\/wp-json\/wp\/v2\/posts\/157286","targetHints":{"allow":["GET"]}}],"collection":[{"href":"https:\/\/www.radioluna.it\/news\/wp-json\/wp\/v2\/posts"}],"about":[{"href":"https:\/\/www.radioluna.it\/news\/wp-json\/wp\/v2\/types\/post"}],"author":[{"embeddable":true,"href":"https:\/\/www.radioluna.it\/news\/wp-json\/wp\/v2\/users\/60"}],"replies":[{"embeddable":true,"href":"https:\/\/www.radioluna.it\/news\/wp-json\/wp\/v2\/comments?post=157286"}],"version-history":[{"count":0,"href":"https:\/\/www.radioluna.it\/news\/wp-json\/wp\/v2\/posts\/157286\/revisions"}],"wp:featuredmedia":[{"embeddable":true,"href":"https:\/\/www.radioluna.it\/news\/wp-json\/wp\/v2\/media\/157287"}],"wp:attachment":[{"href":"https:\/\/www.radioluna.it\/news\/wp-json\/wp\/v2\/media?parent=157286"}],"wp:term":[{"taxonomy":"category","embeddable":true,"href":"https:\/\/www.radioluna.it\/news\/wp-json\/wp\/v2\/categories?post=157286"},{"taxonomy":"post_tag","embeddable":true,"href":"https:\/\/www.radioluna.it\/news\/wp-json\/wp\/v2\/tags?post=157286"}],"curies":[{"name":"wp","href":"https:\/\/api.w.org\/{rel}","templated":true}]}}