{"id":157303,"date":"2014-10-31T09:56:13","date_gmt":"2014-10-31T08:56:13","guid":{"rendered":"http:\/\/www.radioluna.it\/news\/?p=157303"},"modified":"2014-10-31T10:00:28","modified_gmt":"2014-10-31T09:00:28","slug":"tutti-i-vecchi-tiziano-per-il-video-di-the-best-of-tzn","status":"publish","type":"post","link":"https:\/\/www.radioluna.it\/news\/2014\/10\/tutti-i-vecchi-tiziano-per-il-video-di-the-best-of-tzn\/","title":{"rendered":"Tutti i vecchi Tiziano per il video di The Best of Tzn"},"content":{"rendered":"<div id=\"fb-root\"><\/div>\n<p style=\"text-align: justify;\"><img loading=\"lazy\" decoding=\"async\" class=\"aligncenter size-thumbnail wp-image-157304\" src=\"http:\/\/www.radioluna.it\/news\/wp-content\/uploads\/2014\/10\/tzn-sul-set-del-video-635x537.jpg\" alt=\"tzn sul set del video\" width=\"635\" height=\"537\" srcset=\"https:\/\/www.radioluna.it\/news\/wp-content\/uploads\/2014\/10\/tzn-sul-set-del-video-635x537.jpg 635w, https:\/\/www.radioluna.it\/news\/wp-content\/uploads\/2014\/10\/tzn-sul-set-del-video-500x423.jpg 500w, https:\/\/www.radioluna.it\/news\/wp-content\/uploads\/2014\/10\/tzn-sul-set-del-video-300x254.jpg 300w, https:\/\/www.radioluna.it\/news\/wp-content\/uploads\/2014\/10\/tzn-sul-set-del-video.jpg 646w\" sizes=\"auto, (max-width: 635px) 100vw, 635px\" \/>LATINA &#8211;\u00a0Incontra tutti i se stesso, tutte le persone che \u00e8 stato da quando ha cominciato a cantare, Tiziano Ferro nel video che accompagner\u00e0 l&#8217;uscita della raccolta The Best of Tzn attesa per il 25 novembre. Il cantante di Latina rivive cos\u00ec il suo percorso artistico e la sua storia musicale e umana, indossando gli abiti originali, conservati nell&#8217;armadio per affetto. Il video, diretto da Gaetano Morbioli, vera celebrit\u00e0 nel campo dei videomaker, \u00a0\u00e8 piaciuto tantissimo al protagonista: \u201cAvrei voluto abbracciare uno ad uno tutti quei vecchi Tiziano anche se in alcuni di loro non mi riconosco pi\u00f9\u201d, ha detto l&#8217;artista che ha concesso al settimanale Tv Sorrisi e Canzoni l&#8217;anteprima del back stage.<\/p>\n<p class=\"western\" align=\"JUSTIFY\">\n","protected":false},"excerpt":{"rendered":"<p>LATINA &#8211;\u00a0Incontra tutti i se stesso, tutte le persone che \u00e8 stato da quando ha cominciato a cantare, Tiziano Ferro nel video che accompagner\u00e0 l&#8217;uscita della raccolta The Best of Tzn attesa per il 25 novembre. Il cantante di Latina rivive cos\u00ec il suo percorso artistico e la sua storia musicale e umana, indossando gli [&hellip;]<\/p>\n","protected":false},"author":62,"featured_media":157304,"comment_status":"open","ping_status":"closed","sticky":false,"template":"","format":"standard","meta":{"footnotes":""},"categories":[735],"tags":[],"class_list":["post-157303","post","type-post","status-publish","format-standard","has-post-thumbnail","hentry","category-attualita"],"_links":{"self":[{"href":"https:\/\/www.radioluna.it\/news\/wp-json\/wp\/v2\/posts\/157303","targetHints":{"allow":["GET"]}}],"collection":[{"href":"https:\/\/www.radioluna.it\/news\/wp-json\/wp\/v2\/posts"}],"about":[{"href":"https:\/\/www.radioluna.it\/news\/wp-json\/wp\/v2\/types\/post"}],"author":[{"embeddable":true,"href":"https:\/\/www.radioluna.it\/news\/wp-json\/wp\/v2\/users\/62"}],"replies":[{"embeddable":true,"href":"https:\/\/www.radioluna.it\/news\/wp-json\/wp\/v2\/comments?post=157303"}],"version-history":[{"count":0,"href":"https:\/\/www.radioluna.it\/news\/wp-json\/wp\/v2\/posts\/157303\/revisions"}],"wp:featuredmedia":[{"embeddable":true,"href":"https:\/\/www.radioluna.it\/news\/wp-json\/wp\/v2\/media\/157304"}],"wp:attachment":[{"href":"https:\/\/www.radioluna.it\/news\/wp-json\/wp\/v2\/media?parent=157303"}],"wp:term":[{"taxonomy":"category","embeddable":true,"href":"https:\/\/www.radioluna.it\/news\/wp-json\/wp\/v2\/categories?post=157303"},{"taxonomy":"post_tag","embeddable":true,"href":"https:\/\/www.radioluna.it\/news\/wp-json\/wp\/v2\/tags?post=157303"}],"curies":[{"name":"wp","href":"https:\/\/api.w.org\/{rel}","templated":true}]}}