{"id":157316,"date":"2014-10-31T18:21:57","date_gmt":"2014-10-31T17:21:57","guid":{"rendered":"http:\/\/www.radioluna.it\/news\/?p=157316"},"modified":"2014-10-31T18:21:57","modified_gmt":"2014-10-31T17:21:57","slug":"valorizzare-larchitettura-razionalista-nei-comuni-di-fondazione-dalla-regione-140mila-euro-per-sabaudia-aprilia-e-pontinia","status":"publish","type":"post","link":"https:\/\/www.radioluna.it\/news\/2014\/10\/valorizzare-larchitettura-razionalista-nei-comuni-di-fondazione-dalla-regione-140mila-euro-per-sabaudia-aprilia-e-pontinia\/","title":{"rendered":"Valorizzare l&#8217;architettura razionalista nei comuni di fondazione. Dalla Regione 140mila euro per Sabaudia, Aprilia e Pontinia"},"content":{"rendered":"<div id=\"fb-root\"><\/div>\n<p style=\"text-align: justify;\"><img loading=\"lazy\" decoding=\"async\" class=\"alignleft wp-image-26610 size-thumbnail\" src=\"http:\/\/www.radioluna.it\/news\/wp-content\/uploads\/2010\/10\/sabaudia1-150x150.jpg\" alt=\"sabaudia1\" width=\"150\" height=\"150\" srcset=\"https:\/\/www.radioluna.it\/news\/wp-content\/uploads\/2010\/10\/sabaudia1-150x150.jpg 150w, https:\/\/www.radioluna.it\/news\/wp-content\/uploads\/2010\/10\/sabaudia1-300x300.jpg 300w, https:\/\/www.radioluna.it\/news\/wp-content\/uploads\/2010\/10\/sabaudia1-80x80.jpg 80w, https:\/\/www.radioluna.it\/news\/wp-content\/uploads\/2010\/10\/sabaudia1-35x35.jpg 35w, https:\/\/www.radioluna.it\/news\/wp-content\/uploads\/2010\/10\/sabaudia1-55x55.jpg 55w, https:\/\/www.radioluna.it\/news\/wp-content\/uploads\/2010\/10\/sabaudia1-45x45.jpg 45w, https:\/\/www.radioluna.it\/news\/wp-content\/uploads\/2010\/10\/sabaudia1-70x70.jpg 70w, https:\/\/www.radioluna.it\/news\/wp-content\/uploads\/2010\/10\/sabaudia1-110x110.jpg 110w\" sizes=\"auto, (max-width: 150px) 100vw, 150px\" \/>LATINA &#8211; &#8220;L\u2019architettura razionalista ha subito con il tempo una forma di rimozione collettiva che non \u00e8 pi\u00f9 accettabile. La bellezza di questi spazi, esempio di capolavoro dell\u2019arte, va rivissuta e rivitalizzata&#8221;. Cos\u00ec l\u2019assessore regionale alla cultura e politiche giovanili Lidia Ravera, annuncia lo stanziamento di 140.000 euro destinati ai comuni di fondazione della nostra provincia. Ad aderire all\u2019iniziativa mettendo a disposizione alcuni degli edifici pi\u00f9 significativi, i comuni di Sabaudia, Pontinia e Aprilia.<\/p>\n<p style=\"text-align: justify;\">Sette gli spazi identificati che saranno destinati a divenire luoghi della cultura. Lo stanziamento previsto servir\u00e0 a premiare i progetti esecutivi che verranno messi a bando dai comuni stessi.<\/p>\n<p style=\"text-align: justify;\">Un impegno importante presentato nel corso dell\u2019incontro \u201cI luoghi razionalisti e l\u2019arte. Per una nuova geografia della cultura\u201d che si \u00e8 tenuto ieri nell\u2019ambito della rassegna Digital Life 2014, presso il Palazzo M di Latina. Relatori del convegno Clemente Pernarella attore e regista, Maura Favero critica d\u2019arte, Marco Cappelletti architetto, e Vincenzo Scozzarella direttore del museo Civico Cambellotti di Latina, che hanno presentato le potenzialit\u00e0 inespresse dei territori della nostra provincia, simbolo di contemporaneit\u00e0 e avanguardia.<\/p>\n<p style=\"text-align: justify;\">&#8220;Le parole dell\u2019assessore Lidia Ravera sono molto importanti \u2013 afferma la consigliera regionale Rosa Giancola del gruppo Per il Lazio \u2013 simbolo di un percorso, da me fortemente sostenuto, fondamentale per la valorizzazione di territorio con un patrimonio storico, culturale e architettonico cos\u00ec significativo. Un\u2019opportunit\u00e0 per la nostra provincia e per tutti quegli operatori del settore culturale, a cui viene data la possibilit\u00e0 di riappropriarsi di alcuni spazi ridonando loro vita e utilizzandoli nello stesso tempo come espressione della propria creativit\u00e0. L\u2019occasione di fare della cultura un\u2019impresa in grado di generare lavoro&#8221;. &#8220;Visitando questi territori ho trovato fibrillazione culturale, passione estetica e civile \u2013 continua l\u2019assessore Ravera \u2013 che meritano di avere possibilit\u00e0 di espressione ed \u00e8 nostro compito fornire i mezzi. Continuare ad ignorare le potenzialit\u00e0 di alcuni spazi solo perch\u00e9 legati ad un determinato periodo storico \u00e8 una grave forma di ignoranza e spreco&#8221;.<\/p>\n","protected":false},"excerpt":{"rendered":"<p>LATINA &#8211; &#8220;L\u2019architettura razionalista ha subito con il tempo una forma di rimozione collettiva che non \u00e8 pi\u00f9 accettabile. La bellezza di questi spazi, esempio di capolavoro dell\u2019arte, va rivissuta e rivitalizzata&#8221;. Cos\u00ec l\u2019assessore regionale alla cultura e politiche giovanili Lidia Ravera, annuncia lo stanziamento di 140.000 euro destinati ai comuni di fondazione della nostra [&hellip;]<\/p>\n","protected":false},"author":60,"featured_media":26610,"comment_status":"open","ping_status":"closed","sticky":false,"template":"","format":"standard","meta":{"footnotes":""},"categories":[15,8],"tags":[],"class_list":["post-157316","post","type-post","status-publish","format-standard","has-post-thumbnail","hentry","category-cultura","category-politica"],"_links":{"self":[{"href":"https:\/\/www.radioluna.it\/news\/wp-json\/wp\/v2\/posts\/157316","targetHints":{"allow":["GET"]}}],"collection":[{"href":"https:\/\/www.radioluna.it\/news\/wp-json\/wp\/v2\/posts"}],"about":[{"href":"https:\/\/www.radioluna.it\/news\/wp-json\/wp\/v2\/types\/post"}],"author":[{"embeddable":true,"href":"https:\/\/www.radioluna.it\/news\/wp-json\/wp\/v2\/users\/60"}],"replies":[{"embeddable":true,"href":"https:\/\/www.radioluna.it\/news\/wp-json\/wp\/v2\/comments?post=157316"}],"version-history":[{"count":0,"href":"https:\/\/www.radioluna.it\/news\/wp-json\/wp\/v2\/posts\/157316\/revisions"}],"wp:featuredmedia":[{"embeddable":true,"href":"https:\/\/www.radioluna.it\/news\/wp-json\/wp\/v2\/media\/26610"}],"wp:attachment":[{"href":"https:\/\/www.radioluna.it\/news\/wp-json\/wp\/v2\/media?parent=157316"}],"wp:term":[{"taxonomy":"category","embeddable":true,"href":"https:\/\/www.radioluna.it\/news\/wp-json\/wp\/v2\/categories?post=157316"},{"taxonomy":"post_tag","embeddable":true,"href":"https:\/\/www.radioluna.it\/news\/wp-json\/wp\/v2\/tags?post=157316"}],"curies":[{"name":"wp","href":"https:\/\/api.w.org\/{rel}","templated":true}]}}