{"id":157319,"date":"2014-10-31T18:51:50","date_gmt":"2014-10-31T17:51:50","guid":{"rendered":"http:\/\/www.radioluna.it\/news\/?p=157319"},"modified":"2014-10-31T18:51:50","modified_gmt":"2014-10-31T17:51:50","slug":"la-proposta-di-palombo-per-lacquisto-de-lunita","status":"publish","type":"post","link":"https:\/\/www.radioluna.it\/news\/2014\/10\/la-proposta-di-palombo-per-lacquisto-de-lunita\/","title":{"rendered":"La proposta di Palombo per l&#8217;acquisto de L&#8217;Unit\u00e0"},"content":{"rendered":"<div id=\"fb-root\"><\/div>\n<p style=\"text-align: justify;\"><img loading=\"lazy\" decoding=\"async\" class=\"aligncenter size-thumbnail wp-image-157279\" src=\"http:\/\/www.radioluna.it\/news\/wp-content\/uploads\/2014\/10\/palombo1-635x423.jpg\" alt=\"palombo\" width=\"635\" height=\"423\" \/>LATINA \u00a0&#8211; &#8220;Sono molto soddisfatto dell&#8217;attenzione suscitata dalla conferenza stampa per la presentazione della proposta di acquisto de l&#8217;Unit\u00e0 &#8211; cos\u00ec Andrea Palombo, imprenditore pontino gi\u00e0 impegnato nell&#8217;editoria &#8211;\u00a0Non ho potuto esporre approfonditamente contenuti del piano industriale per attenermi alle procedure stabilite dai liquidatori ma ho voluto sottolineare il carattere strutturale della mia proposta. La mia intenzione \u00e8 di riportare stabilmente l&#8217;Unit\u00e0 in edicola salvaguardando i lavoratori e mantenendo in equilibrio il bilancio della testata&#8221;. \u00a0&#8220;E&#8217; vero &#8211; dice ancora Palombo &#8211; sono stato consigliere comunale PdL di Latina e sono uscito dal partito nel settembre 2013.\u00a0Alle elezioni provinciali di Latina svoltesi due settimane fa ho sostenuto pubblicamente la candidatura del centro sinistra&#8221;.<\/p>\n<div class=\"radio-posizionamento-telefono-in-articoli-dopo-il-contenuto-articolo radio-entity-placement\" id=\"radio-3049590156\"><div id=\"radio-2279518795\"><a href=\"https:\/\/www.simeoneceramiche.com\/\" aria-label=\"SIMEONE CERAMICHE GIF animata per radioluna_Tavola disegno 1 copia 2 (online-video-cutter.com)\"><img loading=\"lazy\" decoding=\"async\" src=\"https:\/\/www.radioluna.it\/news\/wp-content\/uploads\/2025\/05\/SIMEONE-CERAMICHE-GIF-animata-per-radioluna_Tavola-disegno-1-copia-2-online-video-cutter.com_.gif\" alt=\"\"  width=\"300\" height=\"250\"   \/><\/a><\/div><\/div>","protected":false},"excerpt":{"rendered":"<p>LATINA \u00a0&#8211; &#8220;Sono molto soddisfatto dell&#8217;attenzione suscitata dalla conferenza stampa per la presentazione della proposta di acquisto de l&#8217;Unit\u00e0 &#8211; cos\u00ec Andrea Palombo, imprenditore pontino gi\u00e0 impegnato nell&#8217;editoria &#8211;\u00a0Non ho potuto esporre approfonditamente contenuti del piano industriale per attenermi alle procedure stabilite dai liquidatori ma ho voluto sottolineare il carattere strutturale della mia proposta. La [&hellip;]<\/p>\n","protected":false},"author":60,"featured_media":0,"comment_status":"open","ping_status":"closed","sticky":false,"template":"","format":"standard","meta":{"footnotes":""},"categories":[8],"tags":[],"class_list":["post-157319","post","type-post","status-publish","format-standard","hentry","category-politica"],"_links":{"self":[{"href":"https:\/\/www.radioluna.it\/news\/wp-json\/wp\/v2\/posts\/157319","targetHints":{"allow":["GET"]}}],"collection":[{"href":"https:\/\/www.radioluna.it\/news\/wp-json\/wp\/v2\/posts"}],"about":[{"href":"https:\/\/www.radioluna.it\/news\/wp-json\/wp\/v2\/types\/post"}],"author":[{"embeddable":true,"href":"https:\/\/www.radioluna.it\/news\/wp-json\/wp\/v2\/users\/60"}],"replies":[{"embeddable":true,"href":"https:\/\/www.radioluna.it\/news\/wp-json\/wp\/v2\/comments?post=157319"}],"version-history":[{"count":0,"href":"https:\/\/www.radioluna.it\/news\/wp-json\/wp\/v2\/posts\/157319\/revisions"}],"wp:attachment":[{"href":"https:\/\/www.radioluna.it\/news\/wp-json\/wp\/v2\/media?parent=157319"}],"wp:term":[{"taxonomy":"category","embeddable":true,"href":"https:\/\/www.radioluna.it\/news\/wp-json\/wp\/v2\/categories?post=157319"},{"taxonomy":"post_tag","embeddable":true,"href":"https:\/\/www.radioluna.it\/news\/wp-json\/wp\/v2\/tags?post=157319"}],"curies":[{"name":"wp","href":"https:\/\/api.w.org\/{rel}","templated":true}]}}