{"id":157345,"date":"2014-11-03T11:48:34","date_gmt":"2014-11-03T10:48:34","guid":{"rendered":"http:\/\/www.radioluna.it\/news\/?p=157345"},"modified":"2014-11-03T11:48:34","modified_gmt":"2014-11-03T10:48:34","slug":"cinquanta-vecchie-cantine-diventano-botteghe-lartigianato-salvera-prossedi","status":"publish","type":"post","link":"https:\/\/www.radioluna.it\/news\/2014\/11\/cinquanta-vecchie-cantine-diventano-botteghe-lartigianato-salvera-prossedi\/","title":{"rendered":"Cinquanta vecchie cantine diventano botteghe: l&#8217;artigianato salver\u00e0 Prossedi"},"content":{"rendered":"<div id=\"fb-root\"><\/div>\n<div id=\"attachment_106243\" style=\"width: 269px\" class=\"wp-caption alignleft\"><img loading=\"lazy\" decoding=\"async\" aria-describedby=\"caption-attachment-106243\" class=\"wp-image-106243 size-full\" src=\"http:\/\/www.radioluna.it\/news\/wp-content\/uploads\/2011\/06\/prossedi1.jpg\" alt=\"Prossedi\" width=\"259\" height=\"194\" \/><p id=\"caption-attachment-106243\" class=\"wp-caption-text\">Prossedi<\/p><\/div>\n<p style=\"text-align: justify;\"><strong>LATINA<\/strong> &#8211; Venerd\u00ec prossimo 7 novembre a Prossedi, verr\u00e0 presentato il progetto ideato dalla societ\u00e0 Sostengo s.r.l., in collaborazione con Federlazio Latina, intitolato \u201cRivalutiamo Prossedi<strong>\u201d.<\/strong> Si tratta \u00a0&#8211; spiegano da Federlazio &#8211; di un\u2019operazione di riqualificazione del centro storico del centro lepino, attraverso la ristrutturazione di circa cinquanta vecchie cantine diventate vere e proprie \u201cbotteghe\u201d che verranno destinate ad artigiani e piccoli imprenditori agroalimentari del nostro territorio.<\/p>\n<p style=\"text-align: justify;\">Il progetto vede la collaborazione del Comune con il privato e Federlazio e ha tre obiettivi : l\u2019ammodernamento del centro storico; la creazione di un&#8217; opportunit\u00e0 di lavoro per i giovani (incentivandoli cos\u00ec a rimanere nel loro paese d&#8217; origine); la realizzazione di una rete di piccole e medie imprese tipiche, fortemente legate al territorio, capaci di sfidare anche i mercati europei ed asiatici.<\/p>\n<p>&nbsp;<\/p>\n<div class=\"radio-posizionamento-telefono-in-articoli-dopo-il-contenuto-articolo radio-entity-placement\" id=\"radio-3639732962\"><div id=\"radio-3258709671\" style=\"width: 300px;height: 250px;\"><a href=\"https:\/\/www.icarspa.it\/auto\/usate\/latina\/\" aria-label=\"banner aprile icar new life &#8211; auto usate latina\"><img loading=\"lazy\" decoding=\"async\" src=\"https:\/\/www.radioluna.it\/news\/wp-content\/uploads\/2026\/02\/banner-aprile-icar-new-life-auto-usate-latina.gif\" alt=\"\"  width=\"300\" height=\"250\"   \/><\/a><\/div><\/div>","protected":false},"excerpt":{"rendered":"<p>LATINA &#8211; Venerd\u00ec prossimo 7 novembre a Prossedi, verr\u00e0 presentato il progetto ideato dalla societ\u00e0 Sostengo s.r.l., in collaborazione con Federlazio Latina, intitolato \u201cRivalutiamo Prossedi\u201d. Si tratta \u00a0&#8211; spiegano da Federlazio &#8211; di un\u2019operazione di riqualificazione del centro storico del centro lepino, attraverso la ristrutturazione di circa cinquanta vecchie cantine diventate vere e proprie \u201cbotteghe\u201d [&hellip;]<\/p>\n","protected":false},"author":62,"featured_media":0,"comment_status":"open","ping_status":"closed","sticky":false,"template":"","format":"standard","meta":{"footnotes":""},"categories":[11],"tags":[],"class_list":["post-157345","post","type-post","status-publish","format-standard","hentry","category-economia"],"_links":{"self":[{"href":"https:\/\/www.radioluna.it\/news\/wp-json\/wp\/v2\/posts\/157345","targetHints":{"allow":["GET"]}}],"collection":[{"href":"https:\/\/www.radioluna.it\/news\/wp-json\/wp\/v2\/posts"}],"about":[{"href":"https:\/\/www.radioluna.it\/news\/wp-json\/wp\/v2\/types\/post"}],"author":[{"embeddable":true,"href":"https:\/\/www.radioluna.it\/news\/wp-json\/wp\/v2\/users\/62"}],"replies":[{"embeddable":true,"href":"https:\/\/www.radioluna.it\/news\/wp-json\/wp\/v2\/comments?post=157345"}],"version-history":[{"count":0,"href":"https:\/\/www.radioluna.it\/news\/wp-json\/wp\/v2\/posts\/157345\/revisions"}],"wp:attachment":[{"href":"https:\/\/www.radioluna.it\/news\/wp-json\/wp\/v2\/media?parent=157345"}],"wp:term":[{"taxonomy":"category","embeddable":true,"href":"https:\/\/www.radioluna.it\/news\/wp-json\/wp\/v2\/categories?post=157345"},{"taxonomy":"post_tag","embeddable":true,"href":"https:\/\/www.radioluna.it\/news\/wp-json\/wp\/v2\/tags?post=157345"}],"curies":[{"name":"wp","href":"https:\/\/api.w.org\/{rel}","templated":true}]}}