{"id":157360,"date":"2014-11-03T13:20:44","date_gmt":"2014-11-03T12:20:44","guid":{"rendered":"http:\/\/www.radioluna.it\/news\/?p=157360"},"modified":"2014-11-03T13:20:44","modified_gmt":"2014-11-03T12:20:44","slug":"breda-resta-per-ora-pubblicato-il-programma-degli-allenamenti","status":"publish","type":"post","link":"https:\/\/www.radioluna.it\/news\/2014\/11\/breda-resta-per-ora-pubblicato-il-programma-degli-allenamenti\/","title":{"rendered":"Breda resta, per ora. Pubblicato il programma degli allenamenti"},"content":{"rendered":"<div id=\"fb-root\"><\/div>\n<p style=\"text-align: justify;\"><img loading=\"lazy\" decoding=\"async\" class=\"alignleft size-medium wp-image-156479\" src=\"http:\/\/www.radioluna.it\/news\/wp-content\/uploads\/2014\/10\/Breda-conf-bologna-300x225.jpg\" alt=\"Breda-conf bologna\" width=\"300\" height=\"225\" srcset=\"https:\/\/www.radioluna.it\/news\/wp-content\/uploads\/2014\/10\/Breda-conf-bologna-300x225.jpg 300w, https:\/\/www.radioluna.it\/news\/wp-content\/uploads\/2014\/10\/Breda-conf-bologna-768x576.jpg 768w, https:\/\/www.radioluna.it\/news\/wp-content\/uploads\/2014\/10\/Breda-conf-bologna-500x375.jpg 500w, https:\/\/www.radioluna.it\/news\/wp-content\/uploads\/2014\/10\/Breda-conf-bologna-1024x768.jpg 1024w, https:\/\/www.radioluna.it\/news\/wp-content\/uploads\/2014\/10\/Breda-conf-bologna-635x476.jpg 635w, https:\/\/www.radioluna.it\/news\/wp-content\/uploads\/2014\/10\/Breda-conf-bologna-800x600.jpg 800w, https:\/\/www.radioluna.it\/news\/wp-content\/uploads\/2014\/10\/Breda-conf-bologna.jpg 1000w\" sizes=\"auto, (max-width: 300px) 100vw, 300px\" \/>LATINA &#8211; Dopo la cocente sconfitta di domenica allo stadio Francioni nel derby contro il Frosinone (1-4) e i fischi dei tifosi, il Latina torner\u00e0 in campo per la consueta settimana di allenamenti. Primi tre giorni a porte aperte, poi da gioved\u00ec si lavora &#8220;schermati&#8221; per preparare la sfida contro il Cittadella. L&#8217;umore in casa Latina \u00e8 nero, ieri sera si era sparsa la voce dell&#8217;uscita di scena di Breda che avrebbe \u00a0rassegnato al club le sue dimissioni.<br \/>\n&#8220;Il Latina torner\u00e0 ad allenarsi luned\u00ec (ore 15) all\u2019Ex Fulgorcavi, dove lavorer\u00e0 anche marted\u00ec ((ore 15), mercoled\u00ec (ore 15) e gioved\u00ec (ore 10.30). La rifinitura del venerd\u00ec \u00e8 in programma allo stadio Francioni (ore 10.30). Gli allenamenti di gioved\u00ec e venerd\u00ec si svolgeranno a porte chiuse&#8221;, si legge in una nota con la quale per ora la societ\u00e0 mette anche fine alle voci sull&#8217;addio dell&#8217;allenatore.<\/p>\n<div class=\"radio-posizionamento-telefono-in-articoli-dopo-il-contenuto-articolo radio-entity-placement\" id=\"radio-3051609991\"><div id=\"radio-809498801\"><a href=\"https:\/\/www.simeoneceramiche.com\/\" aria-label=\"SIMEONE CERAMICHE GIF animata per radioluna_Tavola disegno 1 copia 2 (online-video-cutter.com)\"><img loading=\"lazy\" decoding=\"async\" src=\"https:\/\/www.radioluna.it\/news\/wp-content\/uploads\/2025\/05\/SIMEONE-CERAMICHE-GIF-animata-per-radioluna_Tavola-disegno-1-copia-2-online-video-cutter.com_.gif\" alt=\"\"  width=\"300\" height=\"250\"   \/><\/a><\/div><\/div>","protected":false},"excerpt":{"rendered":"<p>LATINA &#8211; Dopo la cocente sconfitta di domenica allo stadio Francioni nel derby contro il Frosinone (1-4) e i fischi dei tifosi, il Latina torner\u00e0 in campo per la consueta settimana di allenamenti. Primi tre giorni a porte aperte, poi da gioved\u00ec si lavora &#8220;schermati&#8221; per preparare la sfida contro il Cittadella. L&#8217;umore in casa [&hellip;]<\/p>\n","protected":false},"author":62,"featured_media":156479,"comment_status":"open","ping_status":"closed","sticky":false,"template":"","format":"standard","meta":{"footnotes":""},"categories":[17],"tags":[],"class_list":["post-157360","post","type-post","status-publish","format-standard","has-post-thumbnail","hentry","category-sport"],"_links":{"self":[{"href":"https:\/\/www.radioluna.it\/news\/wp-json\/wp\/v2\/posts\/157360","targetHints":{"allow":["GET"]}}],"collection":[{"href":"https:\/\/www.radioluna.it\/news\/wp-json\/wp\/v2\/posts"}],"about":[{"href":"https:\/\/www.radioluna.it\/news\/wp-json\/wp\/v2\/types\/post"}],"author":[{"embeddable":true,"href":"https:\/\/www.radioluna.it\/news\/wp-json\/wp\/v2\/users\/62"}],"replies":[{"embeddable":true,"href":"https:\/\/www.radioluna.it\/news\/wp-json\/wp\/v2\/comments?post=157360"}],"version-history":[{"count":0,"href":"https:\/\/www.radioluna.it\/news\/wp-json\/wp\/v2\/posts\/157360\/revisions"}],"wp:featuredmedia":[{"embeddable":true,"href":"https:\/\/www.radioluna.it\/news\/wp-json\/wp\/v2\/media\/156479"}],"wp:attachment":[{"href":"https:\/\/www.radioluna.it\/news\/wp-json\/wp\/v2\/media?parent=157360"}],"wp:term":[{"taxonomy":"category","embeddable":true,"href":"https:\/\/www.radioluna.it\/news\/wp-json\/wp\/v2\/categories?post=157360"},{"taxonomy":"post_tag","embeddable":true,"href":"https:\/\/www.radioluna.it\/news\/wp-json\/wp\/v2\/tags?post=157360"}],"curies":[{"name":"wp","href":"https:\/\/api.w.org\/{rel}","templated":true}]}}