{"id":157411,"date":"2014-11-04T18:45:28","date_gmt":"2014-11-04T17:45:28","guid":{"rendered":"http:\/\/www.radioluna.it\/news\/?p=157411"},"modified":"2014-11-04T18:46:10","modified_gmt":"2014-11-04T17:46:10","slug":"elezioni-in-provincia-sullintesa-tra-pd-e-ncd-fa-chiarezza-de-marchis","status":"publish","type":"post","link":"https:\/\/www.radioluna.it\/news\/2014\/11\/elezioni-in-provincia-sullintesa-tra-pd-e-ncd-fa-chiarezza-de-marchis\/","title":{"rendered":"Elezioni in Provincia, sull&#8217;intesa tra Pd e Ncd fa chiarezza De Marchis"},"content":{"rendered":"<div id=\"fb-root\"><\/div>\n<div id=\"attachment_106200\" style=\"width: 160px\" class=\"wp-caption alignleft\"><img loading=\"lazy\" decoding=\"async\" aria-describedby=\"caption-attachment-106200\" class=\"wp-image-106200 size-thumbnail\" src=\"http:\/\/www.radioluna.it\/news\/wp-content\/uploads\/2011\/06\/de-marchis-150x150.jpg\" alt=\"Giorgio De Marchis\" width=\"150\" height=\"150\" srcset=\"https:\/\/www.radioluna.it\/news\/wp-content\/uploads\/2011\/06\/de-marchis-150x150.jpg 150w, https:\/\/www.radioluna.it\/news\/wp-content\/uploads\/2011\/06\/de-marchis-300x300.jpg 300w, https:\/\/www.radioluna.it\/news\/wp-content\/uploads\/2011\/06\/de-marchis-50x50.jpg 50w, https:\/\/www.radioluna.it\/news\/wp-content\/uploads\/2011\/06\/de-marchis-80x80.jpg 80w\" sizes=\"auto, (max-width: 150px) 100vw, 150px\" \/><p id=\"caption-attachment-106200\" class=\"wp-caption-text\">Giorgio De Marchis<\/p><\/div>\n<p style=\"text-align: justify;\">LATINA \u00a0&#8211; \u00a0\u00abDa alcune settimane si rincorrono voci intorno al presunto accordo su cui si sarebbe fondata l\u2019elezione di Eleonora Della Penna a presidente della Provincia di Latina. Non dubito che un accordo ci sia stato, per\u00f2 \u00e8 venuto il momento di sottolineare che \u00e8 stato una questione privata tra il segretario dell\u2019Ncd Enrico Tiero e il segretario del Partito democratico Salvatore La Penna. In questa vicenda non \u00e8 mai stato coinvolto il presidente dell\u2019amministrazione provinciale, come lei stessa ha rimarcato in pi\u00f9 di un\u2019occasione, e soprattutto non ne \u00e8 coinvolto il Partito democratico\u00bb. Cos\u00ec Giorgio De Marchis, consigliere comunale del Pd, chiarisce i termini dell\u2019intesa stretta tra Pd e Ncd per sostenere l\u2019elezione di Eleonora Della Penna a presidente della Provincia.<\/p>\n<p style=\"text-align: justify;\">\u00abNessun organismo dirigente del Pd \u2013 puntualizza De Marchis &#8211; ha mai conosciuto e discusso i dettagli dell\u2019accordo, nemmeno coloro che si sono candidati nella lista e sono stati eletti ne conoscono i particolari, almeno per la gran parte di loro questo fatto \u00e8 evidente. Si tratta quindi di una scrittura privata che ha valore tra le parti, un valore che non pu\u00f2 essere esteso a terzi. Probabilmente l\u2019accordo aveva un valore politico per il Nuovo Centrodestra, ma posso assicurare a Tiero che nel Partito democratico pochissimi oltre il segretario provinciale ne erano al corrente. Tuttavia, chiarito questo punto \u2013 aggiunge il consigliere del Pd &#8211; mi sembra opportuno rimarcare che Eleonora Della Penna ha vinto non perch\u00e9 vi era un accordo sottostante, ma perch\u00e9 la sua candidatura rappresentava un punto di svolta rispetto alle logiche spartitorie, consociative e lottizzatrici del centrodestra, logiche che con molta probabilit\u00e0 si avvicinavano molto alle clausole sottoscritte nell\u2019accordo privato citato\u00bb.<\/p>\n<p style=\"text-align: justify;\">\u00abIl consenso raccolto intorno a Della Penna \u2013 afferma De Marchis &#8211; rappresenta un patrimonio che non pu\u00f2 essere delapidato a causa di scelte sbagliate e incoerenti con la volont\u00e0 di cambiamento e innovazione che il presidente e i gruppi consiliari di riferimento interpretano, anzi deve diventare un punto di riferimento per future partite elettorali che andremo a giocarci, a partire da quella per il comune capoluogo. Spending review, sobriet\u00e0 nelle scelte, efficienza della macchina amministrativa non debbono essere vuoti slogan da usare in campagna elettorale, ma devono trasformarsi in atti amministrativi concreti e visibili per i cittadini. Il taglio della poltrona da direttore generale, l\u2019eliminazione delle figure di staff, la riorganizzazione delle funzioni dirigenziali e il taglio delle societ\u00e0 partecipate sono un punto di partenza importante funzionale non solo al risparmio, ma soprattutto al rilancio di un ente piegato da logiche consociative. Quindi \u2013 conclude il democratico &#8211; speriamo che Tiero se ne faccia una ragione e metta da parte le pretese relative all\u2019accordo al fine di aprire finalmente una nuova stagione politica\u00bb.<\/p>\n<div class=\"radio-posizionamento-telefono-in-articoli-dopo-il-contenuto-articolo radio-entity-placement\" id=\"radio-630954590\"><div id=\"radio-2797642464\"><a href=\"https:\/\/www.simeoneceramiche.com\/\" aria-label=\"SIMEONE CERAMICHE GIF animata per radioluna_Tavola disegno 1 copia 2 (online-video-cutter.com)\"><img loading=\"lazy\" decoding=\"async\" src=\"https:\/\/www.radioluna.it\/news\/wp-content\/uploads\/2025\/05\/SIMEONE-CERAMICHE-GIF-animata-per-radioluna_Tavola-disegno-1-copia-2-online-video-cutter.com_.gif\" alt=\"\"  width=\"300\" height=\"250\"   \/><\/a><\/div><\/div>","protected":false},"excerpt":{"rendered":"<p>LATINA \u00a0&#8211; \u00a0\u00abDa alcune settimane si rincorrono voci intorno al presunto accordo su cui si sarebbe fondata l\u2019elezione di Eleonora Della Penna a presidente della Provincia di Latina. Non dubito che un accordo ci sia stato, per\u00f2 \u00e8 venuto il momento di sottolineare che \u00e8 stato una questione privata tra il segretario dell\u2019Ncd Enrico Tiero [&hellip;]<\/p>\n","protected":false},"author":60,"featured_media":106200,"comment_status":"open","ping_status":"closed","sticky":false,"template":"","format":"standard","meta":{"footnotes":""},"categories":[8],"tags":[],"class_list":["post-157411","post","type-post","status-publish","format-standard","has-post-thumbnail","hentry","category-politica"],"_links":{"self":[{"href":"https:\/\/www.radioluna.it\/news\/wp-json\/wp\/v2\/posts\/157411","targetHints":{"allow":["GET"]}}],"collection":[{"href":"https:\/\/www.radioluna.it\/news\/wp-json\/wp\/v2\/posts"}],"about":[{"href":"https:\/\/www.radioluna.it\/news\/wp-json\/wp\/v2\/types\/post"}],"author":[{"embeddable":true,"href":"https:\/\/www.radioluna.it\/news\/wp-json\/wp\/v2\/users\/60"}],"replies":[{"embeddable":true,"href":"https:\/\/www.radioluna.it\/news\/wp-json\/wp\/v2\/comments?post=157411"}],"version-history":[{"count":0,"href":"https:\/\/www.radioluna.it\/news\/wp-json\/wp\/v2\/posts\/157411\/revisions"}],"wp:featuredmedia":[{"embeddable":true,"href":"https:\/\/www.radioluna.it\/news\/wp-json\/wp\/v2\/media\/106200"}],"wp:attachment":[{"href":"https:\/\/www.radioluna.it\/news\/wp-json\/wp\/v2\/media?parent=157411"}],"wp:term":[{"taxonomy":"category","embeddable":true,"href":"https:\/\/www.radioluna.it\/news\/wp-json\/wp\/v2\/categories?post=157411"},{"taxonomy":"post_tag","embeddable":true,"href":"https:\/\/www.radioluna.it\/news\/wp-json\/wp\/v2\/tags?post=157411"}],"curies":[{"name":"wp","href":"https:\/\/api.w.org\/{rel}","templated":true}]}}