{"id":157412,"date":"2014-11-04T18:57:25","date_gmt":"2014-11-04T17:57:25","guid":{"rendered":"http:\/\/www.radioluna.it\/news\/?p=157412"},"modified":"2014-11-04T18:57:25","modified_gmt":"2014-11-04T17:57:25","slug":"premio-delle-benemerenze-dello-sport-europeo-al-coni","status":"publish","type":"post","link":"https:\/\/www.radioluna.it\/news\/2014\/11\/premio-delle-benemerenze-dello-sport-europeo-al-coni\/","title":{"rendered":"Premio delle Benemerenze dello Sport Europeo al Coni"},"content":{"rendered":"<div id=\"fb-root\"><\/div>\n<p><img loading=\"lazy\" decoding=\"async\" class=\"aligncenter size-thumbnail wp-image-157413\" src=\"http:\/\/www.radioluna.it\/news\/wp-content\/uploads\/2014\/11\/foto-Coni-635x476.jpg\" alt=\"foto Coni\" width=\"635\" height=\"476\" srcset=\"https:\/\/www.radioluna.it\/news\/wp-content\/uploads\/2014\/11\/foto-Coni-635x476.jpg 635w, https:\/\/www.radioluna.it\/news\/wp-content\/uploads\/2014\/11\/foto-Coni-768x576.jpg 768w, https:\/\/www.radioluna.it\/news\/wp-content\/uploads\/2014\/11\/foto-Coni-500x375.jpg 500w, https:\/\/www.radioluna.it\/news\/wp-content\/uploads\/2014\/11\/foto-Coni.jpg 800w, https:\/\/www.radioluna.it\/news\/wp-content\/uploads\/2014\/11\/foto-Coni-300x225.jpg 300w\" sizes=\"auto, (max-width: 635px) 100vw, 635px\" \/><\/p>\n<p style=\"text-align: justify;\">LATINA &#8211; Si \u00e8 svolta questa mattina presso la sala d\u2019onore del CONI al Foro Italico di Roma, la cerimonia di consegna delle \u201cBenemerenze dello Sport Europeo\u201d, ai sindaci delle amministrazioni che hanno ricevuto un riconoscimento Europeo per lo sport per l\u2019anno 2014. Lo scorso anno Latina ha ottenuto il titolo di \u201cCitt\u00e0 europea dello Sport\u201d insieme ad altre citt\u00e0 italiane ed europee. Il riconoscimento le \u00e8 stato assegnato dall\u2019ACES EUROPE ente sportivo europeo con sede a Bruxelles riconosciuto dalla Comunit\u00e0 Europea ed organizzatore dell\u2019evento di oggi.<\/p>\n<p style=\"text-align: justify;\">La cerimonia era presieduta dal presidente CONI Giovanni Malag\u00f2, il presidente ANCI Piero Fassino, e Gian Francesco Lupattelli, presidente di ACES EUROPE.\u00a0Presenti alla cerimonia il Sindaco di Latina Giovanni Di Giorgi e l\u2019assessore allo sport Michele Nasso accompagnati da Mattia Perin in qualit\u00e0 di testimonial sportivo d\u2019eccellenza della citt\u00e0 e simbolo sportivo della citt\u00e0.<\/p>\n<p style=\"text-align: justify;\">\u201cLatina \u00e8 orgogliosa di essere Citt\u00e0 Europea dello sport 2014 &#8211; afferma il sindaco Giovanni Di Giorgi \u2013 Quest\u2019anno abbiamo organizzato tante iniziative per lo sport di cui dilettantistico, agonistico e legato alla disabilit\u00e0. Latina \u00e8 citt\u00e0 di sport da sempre e conta tantissimi tesserati, ma la nostra \u00e8 anche da sempre terra di grandi campioni tra cui Mattia Perin oggi qui come testimonial dell\u2019eccellenza sportiva della nostra citt\u00e0. Faccio un in al bocca lupo alla citt\u00e0 di Torino che \u00e8 capitale dello sport 2015 e che rinnova la propria candidatura per il 2016. Ringraziamo l\u2019ACES EUROPE e il Presidente Lupattelli per questa opportunit\u00e0 e per l\u2019ambito riconoscimento assegnatoci.\u201d<\/p>\n<p style=\"text-align: justify;\">\u201cLatina conta molto sullo sport \u2013 dichiara l\u2019assessore allo sport Michele Nasso \u2013 abbiamo realizzato tanti eventi sportivi tra cui \u201cSport al Centro\u201d dove per un mese il centro della citt\u00e0 \u00e8 stato animato da dimostrazioni, gare ed esibizioni di ogni disciplina sportiva, coinvolgendo cittadini e societ\u00e0 sportive al completo. Continueremo a promuovere l\u2019attivit\u00e0 sportiva di base anche nel futuro per l\u2019importanza dei sani valori che lo sport trasmette e diffonde\u201d.\u00a0Mattia Perin: \u201cRingrazio per avermi invitato a questa bellissima cerimonia. Io sono di Latina e per me \u00e8 un onore essere qui a rappresentare la mia citt\u00e0 come simbolo dello sport e dell\u2019eccellenza sportiva pontina\u201d. Il Presidente del CONI Malag\u00f2 ha voluto rivolgere un saluto particolare all\u2019ospite d\u2019onore Mattia Perin per aver accettato l\u2019invito a presenziare alla cerimonia facendogli i complimenti per le sue prestazioni sportive.<\/p>\n<div class=\"radio-posizionamento-telefono-in-articoli-dopo-il-contenuto-articolo radio-entity-placement\" id=\"radio-4236188924\"><div id=\"radio-175405925\"><a href=\"https:\/\/www.simeoneceramiche.com\/\" aria-label=\"SIMEONE CERAMICHE GIF animata per radioluna_Tavola disegno 1 copia 2 (online-video-cutter.com)\"><img loading=\"lazy\" decoding=\"async\" src=\"https:\/\/www.radioluna.it\/news\/wp-content\/uploads\/2025\/05\/SIMEONE-CERAMICHE-GIF-animata-per-radioluna_Tavola-disegno-1-copia-2-online-video-cutter.com_.gif\" alt=\"\"  width=\"300\" height=\"250\"   \/><\/a><\/div><\/div>","protected":false},"excerpt":{"rendered":"<p>LATINA &#8211; Si \u00e8 svolta questa mattina presso la sala d\u2019onore del CONI al Foro Italico di Roma, la cerimonia di consegna delle \u201cBenemerenze dello Sport Europeo\u201d, ai sindaci delle amministrazioni che hanno ricevuto un riconoscimento Europeo per lo sport per l\u2019anno 2014. Lo scorso anno Latina ha ottenuto il titolo di \u201cCitt\u00e0 europea dello [&hellip;]<\/p>\n","protected":false},"author":60,"featured_media":157413,"comment_status":"open","ping_status":"closed","sticky":false,"template":"","format":"standard","meta":{"footnotes":""},"categories":[17],"tags":[],"class_list":["post-157412","post","type-post","status-publish","format-standard","has-post-thumbnail","hentry","category-sport"],"_links":{"self":[{"href":"https:\/\/www.radioluna.it\/news\/wp-json\/wp\/v2\/posts\/157412","targetHints":{"allow":["GET"]}}],"collection":[{"href":"https:\/\/www.radioluna.it\/news\/wp-json\/wp\/v2\/posts"}],"about":[{"href":"https:\/\/www.radioluna.it\/news\/wp-json\/wp\/v2\/types\/post"}],"author":[{"embeddable":true,"href":"https:\/\/www.radioluna.it\/news\/wp-json\/wp\/v2\/users\/60"}],"replies":[{"embeddable":true,"href":"https:\/\/www.radioluna.it\/news\/wp-json\/wp\/v2\/comments?post=157412"}],"version-history":[{"count":0,"href":"https:\/\/www.radioluna.it\/news\/wp-json\/wp\/v2\/posts\/157412\/revisions"}],"wp:featuredmedia":[{"embeddable":true,"href":"https:\/\/www.radioluna.it\/news\/wp-json\/wp\/v2\/media\/157413"}],"wp:attachment":[{"href":"https:\/\/www.radioluna.it\/news\/wp-json\/wp\/v2\/media?parent=157412"}],"wp:term":[{"taxonomy":"category","embeddable":true,"href":"https:\/\/www.radioluna.it\/news\/wp-json\/wp\/v2\/categories?post=157412"},{"taxonomy":"post_tag","embeddable":true,"href":"https:\/\/www.radioluna.it\/news\/wp-json\/wp\/v2\/tags?post=157412"}],"curies":[{"name":"wp","href":"https:\/\/api.w.org\/{rel}","templated":true}]}}