{"id":157469,"date":"2014-11-05T19:40:17","date_gmt":"2014-11-05T18:40:17","guid":{"rendered":"http:\/\/www.radioluna.it\/news\/?p=157469"},"modified":"2014-11-05T19:41:55","modified_gmt":"2014-11-05T18:41:55","slug":"spazio-attivo-il-progetto-per-le-imprese-volto-a-incentivare-linnovazione","status":"publish","type":"post","link":"https:\/\/www.radioluna.it\/news\/2014\/11\/spazio-attivo-il-progetto-per-le-imprese-volto-a-incentivare-linnovazione\/","title":{"rendered":"\u201cSpazio Attivo\u201d, il progetto per le imprese volto a incentivare l&#8217;innovazione"},"content":{"rendered":"<div id=\"fb-root\"><\/div>\n<p style=\"text-align: justify;\"><img loading=\"lazy\" decoding=\"async\" class=\"alignleft wp-image-136527 size-thumbnail\" src=\"http:\/\/www.radioluna.it\/news\/wp-content\/uploads\/2013\/05\/enrico-forte-200x300-150x150.jpg\" alt=\"enrico-forte-200x300\" width=\"150\" height=\"150\" srcset=\"https:\/\/www.radioluna.it\/news\/wp-content\/uploads\/2013\/05\/enrico-forte-200x300-150x150.jpg 150w, https:\/\/www.radioluna.it\/news\/wp-content\/uploads\/2013\/05\/enrico-forte-200x300-80x80.jpg 80w, https:\/\/www.radioluna.it\/news\/wp-content\/uploads\/2013\/05\/enrico-forte-200x300-50x50.jpg 50w\" sizes=\"auto, (max-width: 150px) 100vw, 150px\" \/>LATINA &#8211; Latina sar\u00e0 la prima citt\u00e0 del Lazio a disporre di \u201cSpazio Attivo\u201d, il progetto pensato dalla Regione Lazio per incentivare l&#8217;innovazione. Nel capoluogo pontino ci sar\u00e0 la prima sperimentazione di questa casa dell&#8217;innovazione che permetter\u00e0 di fare incontrare le aziende, la formazione professionale, le start up e gli enti locali, cos\u00ec da realizzare i vari progetti. L&#8217;idea \u00e8 quella di fornire le opportunit\u00e0 giuste garantendo uno spazio in cui confrontarsi e crescere insieme.<\/p>\n<p style=\"text-align: justify;\">\u201cLa Regione Lazio \u2013 spiega il consigliere regionale pontino Enrico Forte \u2013 ha preso atto che l\u2019attuale momento socio-economico richiede un rinnovato impegno dell\u2019ente volto ad individuare e realizzare interventi di particolare rilevanza strategica per i cittadini del Lazio e per gli operatori dei sistemi, rispettando quel Patto per lo sviluppo ed il lavoro, firmato il 30 aprile scorso dalla stessa Regione e da 23 associazioni di categoria, startup, internalizzazione e reti d\u2019impresa che prevedeva la valorizzazione, l\u2019estensione e la riorganizzazione della rete degli incubatori BIC Lazio oltre ad un finanziamento per un nuovo incubatore di impresa nella citt\u00e0 di Latina, allo scopo di migliorare le attivit\u00e0 di supporto all\u2019auto-imprenditorialit\u00e0. La Giunta Regionale \u2013 prosegue il consigliere- ha dunque approvato la determina che stanzia le somme necessarie alla realizzazione di questo progetto pilota destinato, in un momento di grave crisi economica ed occupazionale, a costruire opportunit\u00e0 di lavoro e sostegno per le aziende e per chi \u00e8 in cerca di occupazione, avvicinando la Regione alle specificit\u00e0 locali, ampliando la gamma dei servizi offerti e semplificando i percorsi amministrativi di raccordo con le imprese e i cittadini.<br \/>\nNegli oltre 600 metri quadrati di sede, resi disponibili dal Presidente della Camera di Commercio di Latina, troveranno spazio tutti i servizi pi\u00f9 avanzati e sar\u00e0 possibile condividere esperienze e costruire possibilit\u00e0. Coworking, Piazza Telematica e Fab Lab sono solo alcuni esempi di come gli ambienti sono stati ripensati per rendere il lavoro all\u2019interno dello Spazio Attivo pi\u00f9 facile ed efficace. Saranno inoltre operativi a breve percorsi per sostenere lo sviluppo di nuove idee imprenditoriali, servizi per l\u2019accesso a fonti di finanziamento, strumenti di supporto come il crowdfunding, corsi di formazione specialistici, consulenza sulle \u201ccall for tender\u201d di programmi europei e bandi internazionali. La struttura sar\u00e0 affidata alla gestione di BIC Lazio, primo incubatore del centro-sud d\u2019Italia certificato ai sensi del Decreto Crescita, quale \u201cacceleratore\u201d di startup innovative. Lo Spazio attivo render\u00e0 possibile far interagire giovani talenti, imprese, agenti dell\u2019innovazione, universit\u00e0 e centri di ricerca che si integreranno in modo efficace e sinergico con tutti gli altri servizi regionali a disposizione nella nuova struttura. Sono convinto che per la provincia di Latina la presenza di questo servizio innovativo rappresenter\u00e0 uno strumento fondamentale per la crescita economica ed occupazionale oltre che per sviluppare e rendere operativi progetti che altrimenti non potrebbero vedere la luce. Anche in questo caso la Regione Lazio \u2013 conclude Forte \u2013 ha dimostrato grande sensibilit\u00e0 verso il nostro territorio individuandolo come sede privilegiata di una struttura all\u2019avanguardia\u201d.<\/p>\n","protected":false},"excerpt":{"rendered":"<p>LATINA &#8211; Latina sar\u00e0 la prima citt\u00e0 del Lazio a disporre di \u201cSpazio Attivo\u201d, il progetto pensato dalla Regione Lazio per incentivare l&#8217;innovazione. Nel capoluogo pontino ci sar\u00e0 la prima sperimentazione di questa casa dell&#8217;innovazione che permetter\u00e0 di fare incontrare le aziende, la formazione professionale, le start up e gli enti locali, cos\u00ec da realizzare [&hellip;]<\/p>\n","protected":false},"author":60,"featured_media":136527,"comment_status":"open","ping_status":"closed","sticky":false,"template":"","format":"standard","meta":{"footnotes":""},"categories":[7,11,8],"tags":[],"class_list":["post-157469","post","type-post","status-publish","format-standard","has-post-thumbnail","hentry","category-cronaca","category-economia","category-politica"],"_links":{"self":[{"href":"https:\/\/www.radioluna.it\/news\/wp-json\/wp\/v2\/posts\/157469","targetHints":{"allow":["GET"]}}],"collection":[{"href":"https:\/\/www.radioluna.it\/news\/wp-json\/wp\/v2\/posts"}],"about":[{"href":"https:\/\/www.radioluna.it\/news\/wp-json\/wp\/v2\/types\/post"}],"author":[{"embeddable":true,"href":"https:\/\/www.radioluna.it\/news\/wp-json\/wp\/v2\/users\/60"}],"replies":[{"embeddable":true,"href":"https:\/\/www.radioluna.it\/news\/wp-json\/wp\/v2\/comments?post=157469"}],"version-history":[{"count":0,"href":"https:\/\/www.radioluna.it\/news\/wp-json\/wp\/v2\/posts\/157469\/revisions"}],"wp:featuredmedia":[{"embeddable":true,"href":"https:\/\/www.radioluna.it\/news\/wp-json\/wp\/v2\/media\/136527"}],"wp:attachment":[{"href":"https:\/\/www.radioluna.it\/news\/wp-json\/wp\/v2\/media?parent=157469"}],"wp:term":[{"taxonomy":"category","embeddable":true,"href":"https:\/\/www.radioluna.it\/news\/wp-json\/wp\/v2\/categories?post=157469"},{"taxonomy":"post_tag","embeddable":true,"href":"https:\/\/www.radioluna.it\/news\/wp-json\/wp\/v2\/tags?post=157469"}],"curies":[{"name":"wp","href":"https:\/\/api.w.org\/{rel}","templated":true}]}}