{"id":158142,"date":"2014-11-24T12:39:13","date_gmt":"2014-11-24T11:39:13","guid":{"rendered":"http:\/\/www.radioluna.it\/news\/?p=158142"},"modified":"2014-11-24T12:39:24","modified_gmt":"2014-11-24T11:39:24","slug":"boxe-bronzo-agli-italiani-youth-per-i-latinensi-capoccia-e-marchetto","status":"publish","type":"post","link":"https:\/\/www.radioluna.it\/news\/2014\/11\/boxe-bronzo-agli-italiani-youth-per-i-latinensi-capoccia-e-marchetto\/","title":{"rendered":"Boxe, bronzo agli Italiani Youth per i latinensi Capoccia e Marchetto"},"content":{"rendered":"<div id=\"fb-root\"><\/div>\n<p style=\"text-align: justify;\"><img loading=\"lazy\" decoding=\"async\" class=\"alignleft size-medium wp-image-156852\" src=\"http:\/\/www.radioluna.it\/news\/wp-content\/uploads\/2014\/10\/Marchetto-e-Capoccia-a-bordo-ring1-168x300.jpg\" alt=\"Marchetto e Capoccia a bordo ring\" width=\"168\" height=\"300\" \/>LATINA &#8211; Due medaglie di bronzo per Massimiliano Capoccia e Angelo Marchetto. Si chiude con onore in semifinale l&#8217;avventura dei due ragazzi dell&#8217;ASD Boxe Latina ai Campionati Italiani Youth a Trevi. Arrivare terzi in Italia non \u00e8 cosa di tutti i giorni. La prossima sfida \u00e8 gi\u00e0 iniziata AL Palaboxe \u201cCitt\u00e0 di Latina\u201d in via Aspromonte: \u201cSiamo soddisfatti di Massimiliano ed Angelo \u2013 esordisce il presidente Francesco Prezioso \u2013 hanno raggiunto un traguardo prestigioso portando in alto in nome della nostra societ\u00e0. E\u2019 la dimostrazione della bont\u00e0 del lavoro quotidiano\u201d. Gli fanno eco le parole del consigliere federale FPI Flavio D\u2019Ambrosi (per anni presidente del Comitato Regionale) sulla pagina ufficiale di facebook: \u201cComplimenti ai pugili e a tutto lo staff dell\u2019Asd Boxe Latina\u201d. Le affermazioni di Capoccia e Marchetto, completano un percorso ai Campionati Italiani, dove nel corso della fase regionale avevano ben figurato anche Simone D\u2019Antoni (Schoolboy) e Matteo Conti (Youth). Per Angelo Marchetto in particolare, dopo aver centrato i quarti lo scorso anno e le semifinali in questa edizione, c\u2019\u00e8 la possibilit\u00e0 di riprovarsi anche nel 2015, essendo ancora Youth.<\/p>\n<p style=\"text-align: justify;\">I MATCH<br \/>\nMassimiliano Capoccia (56 kg) ha affrontato il campano Raffaele Di Serio (GS Fiamme Oro). La maggiore esperienza dell\u2019avversario ha fatto sin da subito la differenza ed in ogni round il verdetto \u00e8 stato chiaramente a favore dell\u2019angolo rosso. Unanime anche la decisione dei tre giudici (30:27, 30:26, 30:27).<br \/>\nPi\u00f9 discutibile il match di Angelo Marchetto (60 kg). Il primo round \u00e8 andato all\u2019avversario, angolo blu, il lombardo Andrea Sito (Asd OPI Gym). Il secondo invece ha diviso i giudici, con due verdetti parziali su tre a favore di Marchetto. L\u2019ultima ripresa, malgrado i colpi pi\u00f9 puliti di Marchetto, ha confermato il parere dei giudici (28:29, 28:29, 27:30).<\/p>\n","protected":false},"excerpt":{"rendered":"<p>LATINA &#8211; Due medaglie di bronzo per Massimiliano Capoccia e Angelo Marchetto. Si chiude con onore in semifinale l&#8217;avventura dei due ragazzi dell&#8217;ASD Boxe Latina ai Campionati Italiani Youth a Trevi. Arrivare terzi in Italia non \u00e8 cosa di tutti i giorni. La prossima sfida \u00e8 gi\u00e0 iniziata AL Palaboxe \u201cCitt\u00e0 di Latina\u201d in via [&hellip;]<\/p>\n","protected":false},"author":60,"featured_media":156852,"comment_status":"open","ping_status":"closed","sticky":false,"template":"","format":"standard","meta":{"footnotes":""},"categories":[17],"tags":[],"class_list":["post-158142","post","type-post","status-publish","format-standard","has-post-thumbnail","hentry","category-sport"],"_links":{"self":[{"href":"https:\/\/www.radioluna.it\/news\/wp-json\/wp\/v2\/posts\/158142","targetHints":{"allow":["GET"]}}],"collection":[{"href":"https:\/\/www.radioluna.it\/news\/wp-json\/wp\/v2\/posts"}],"about":[{"href":"https:\/\/www.radioluna.it\/news\/wp-json\/wp\/v2\/types\/post"}],"author":[{"embeddable":true,"href":"https:\/\/www.radioluna.it\/news\/wp-json\/wp\/v2\/users\/60"}],"replies":[{"embeddable":true,"href":"https:\/\/www.radioluna.it\/news\/wp-json\/wp\/v2\/comments?post=158142"}],"version-history":[{"count":0,"href":"https:\/\/www.radioluna.it\/news\/wp-json\/wp\/v2\/posts\/158142\/revisions"}],"wp:featuredmedia":[{"embeddable":true,"href":"https:\/\/www.radioluna.it\/news\/wp-json\/wp\/v2\/media\/156852"}],"wp:attachment":[{"href":"https:\/\/www.radioluna.it\/news\/wp-json\/wp\/v2\/media?parent=158142"}],"wp:term":[{"taxonomy":"category","embeddable":true,"href":"https:\/\/www.radioluna.it\/news\/wp-json\/wp\/v2\/categories?post=158142"},{"taxonomy":"post_tag","embeddable":true,"href":"https:\/\/www.radioluna.it\/news\/wp-json\/wp\/v2\/tags?post=158142"}],"curies":[{"name":"wp","href":"https:\/\/api.w.org\/{rel}","templated":true}]}}