{"id":158279,"date":"2014-11-27T18:44:36","date_gmt":"2014-11-27T17:44:36","guid":{"rendered":"http:\/\/www.radioluna.it\/news\/?p=158279"},"modified":"2014-11-27T18:44:36","modified_gmt":"2014-11-27T17:44:36","slug":"latina-pro-vercelli-arbitra-la-penna-conferenza-stampa-di-breda","status":"publish","type":"post","link":"https:\/\/www.radioluna.it\/news\/2014\/11\/latina-pro-vercelli-arbitra-la-penna-conferenza-stampa-di-breda\/","title":{"rendered":"Latina-Pro Vercelli, arbitra la penna. Conferenza stampa di Breda"},"content":{"rendered":"<div id=\"fb-root\"><\/div>\n<p style=\"text-align: justify;\"><strong><img loading=\"lazy\" decoding=\"async\" class=\"aligncenter size-full wp-image-156661\" src=\"http:\/\/www.radioluna.it\/news\/wp-content\/uploads\/2014\/10\/breda-carpi.jpg\" alt=\"breda carpi\" width=\"750\" height=\"400\" srcset=\"https:\/\/www.radioluna.it\/news\/wp-content\/uploads\/2014\/10\/breda-carpi.jpg 750w, https:\/\/www.radioluna.it\/news\/wp-content\/uploads\/2014\/10\/breda-carpi-500x267.jpg 500w, https:\/\/www.radioluna.it\/news\/wp-content\/uploads\/2014\/10\/breda-carpi-300x160.jpg 300w, https:\/\/www.radioluna.it\/news\/wp-content\/uploads\/2014\/10\/breda-carpi-635x338.jpg 635w\" sizes=\"auto, (max-width: 750px) 100vw, 750px\" \/>LATINA<\/strong> &#8211;\u00a0Latina-Pro Vercelli, in programma sabato al Francioni (ore 15), sar\u00e0 arbitrata da Federico La Penna (31 anni) della sezione di Roma 1. Alla terza stagione in CAN-B, il fischietto capitolino ha diretto 42 partite con 20 successi delle squadre di casa, 14 vittorie delle formazioni ospiti e 6 pareggi. Non ha mai diretto il Latina in campionato, l\u2019unico precedente risale all\u2019agosto scorso, al turno interno di Coppa Italia con il Novara vinto dai nerazzurri ai calci di rigore. Sono invece 6 i precedenti con la Pro Vercelli: 2 vittorie dei piemontesi, 1 pareggio e 3 sconfitte. La Penna sar\u00e0 coadiuvato da Filippo Valeriani di Ravenna ed Enrico Caliari di Legnago; il quarto uomo sar\u00e0 Matteo Proietti di Terni.<\/p>\n<p style=\"text-align: justify;\">Il match della sedicesima giornata del campionato di serie B sar\u00e0 presentato domani (venerd\u00ec) alle ore 12.30 da Roberto Breda che sar\u00e0 a disposizione dei giornalisti, nella sala stampa del Francioni.<\/p>\n","protected":false},"excerpt":{"rendered":"<p>LATINA &#8211;\u00a0Latina-Pro Vercelli, in programma sabato al Francioni (ore 15), sar\u00e0 arbitrata da Federico La Penna (31 anni) della sezione di Roma 1. Alla terza stagione in CAN-B, il fischietto capitolino ha diretto 42 partite con 20 successi delle squadre di casa, 14 vittorie delle formazioni ospiti e 6 pareggi. Non ha mai diretto il [&hellip;]<\/p>\n","protected":false},"author":60,"featured_media":156661,"comment_status":"open","ping_status":"closed","sticky":false,"template":"","format":"standard","meta":{"footnotes":""},"categories":[17],"tags":[],"class_list":["post-158279","post","type-post","status-publish","format-standard","has-post-thumbnail","hentry","category-sport"],"_links":{"self":[{"href":"https:\/\/www.radioluna.it\/news\/wp-json\/wp\/v2\/posts\/158279","targetHints":{"allow":["GET"]}}],"collection":[{"href":"https:\/\/www.radioluna.it\/news\/wp-json\/wp\/v2\/posts"}],"about":[{"href":"https:\/\/www.radioluna.it\/news\/wp-json\/wp\/v2\/types\/post"}],"author":[{"embeddable":true,"href":"https:\/\/www.radioluna.it\/news\/wp-json\/wp\/v2\/users\/60"}],"replies":[{"embeddable":true,"href":"https:\/\/www.radioluna.it\/news\/wp-json\/wp\/v2\/comments?post=158279"}],"version-history":[{"count":0,"href":"https:\/\/www.radioluna.it\/news\/wp-json\/wp\/v2\/posts\/158279\/revisions"}],"wp:featuredmedia":[{"embeddable":true,"href":"https:\/\/www.radioluna.it\/news\/wp-json\/wp\/v2\/media\/156661"}],"wp:attachment":[{"href":"https:\/\/www.radioluna.it\/news\/wp-json\/wp\/v2\/media?parent=158279"}],"wp:term":[{"taxonomy":"category","embeddable":true,"href":"https:\/\/www.radioluna.it\/news\/wp-json\/wp\/v2\/categories?post=158279"},{"taxonomy":"post_tag","embeddable":true,"href":"https:\/\/www.radioluna.it\/news\/wp-json\/wp\/v2\/tags?post=158279"}],"curies":[{"name":"wp","href":"https:\/\/api.w.org\/{rel}","templated":true}]}}