{"id":158324,"date":"2014-11-29T08:57:49","date_gmt":"2014-11-29T07:57:49","guid":{"rendered":"http:\/\/www.radioluna.it\/news\/?p=158324"},"modified":"2014-11-29T08:57:49","modified_gmt":"2014-11-29T07:57:49","slug":"latina-in-campo-alle-15-contro-la-pro-vercelli","status":"publish","type":"post","link":"https:\/\/www.radioluna.it\/news\/2014\/11\/latina-in-campo-alle-15-contro-la-pro-vercelli\/","title":{"rendered":"Latina in campo alle 15 contro la Pro Vercelli"},"content":{"rendered":"<div id=\"fb-root\"><\/div>\n<p style=\"text-align: justify;\"><strong><img loading=\"lazy\" decoding=\"async\" class=\"alignleft size-medium wp-image-156250\" src=\"http:\/\/www.radioluna.it\/news\/wp-content\/uploads\/2014\/10\/breda-300x225.jpg\" alt=\"breda\" width=\"300\" height=\"225\" srcset=\"https:\/\/www.radioluna.it\/news\/wp-content\/uploads\/2014\/10\/breda-300x225.jpg 300w, https:\/\/www.radioluna.it\/news\/wp-content\/uploads\/2014\/10\/breda-768x576.jpg 768w, https:\/\/www.radioluna.it\/news\/wp-content\/uploads\/2014\/10\/breda-500x375.jpg 500w, https:\/\/www.radioluna.it\/news\/wp-content\/uploads\/2014\/10\/breda-1024x768.jpg 1024w, https:\/\/www.radioluna.it\/news\/wp-content\/uploads\/2014\/10\/breda-635x476.jpg 635w, https:\/\/www.radioluna.it\/news\/wp-content\/uploads\/2014\/10\/breda-800x600.jpg 800w, https:\/\/www.radioluna.it\/news\/wp-content\/uploads\/2014\/10\/breda.jpg 1000w\" sizes=\"auto, (max-width: 300px) 100vw, 300px\" \/>LATINA<\/strong> &#8211; Saranno in vendita fino alle 14 di oggi, un&#8217;ora prima del match, i biglietti per assistere a Latina-Pro Vercelli, gara valida per la sedicesima giornata del Campionato di serie B in programma alle 15 allo stadio Francioni dove i padroni di casa, ultimi in classifica, devono assolutamente vincere.<\/p>\n<p style=\"text-align: justify;\">Roberto Breda \u00e8 fiducioso e spera che il lavoro fatto per dare compattezza al gruppo non venga dilapidato: &#8220;Abbiamo un grande desiderio di vincere: questa voglia dovr\u00e0 essere animata nel modo opportuno, sapendo che servir\u00e0 tanta pazienza. La Pro Vercelli pu\u00f2 contare su un gruppo che lavora insieme da tanto tempo, si tratta di una squadra solida, compatta, forte di una una propria identit\u00e0 e con un attaccante come Marchi che sta facendo molto bene. Noi, dal canto nostro, siamo migliorati parecchio e dalle ultime gare sono arrivati segnali importanti: purtroppo, finora, il percorso di crescita non \u00e8 stato supportato dai risultati. Rispetto a qualche settimana fa, adesso, siamo vicini ad una nostra identit\u00e0; sono fiducioso perch\u00e9 il gruppo \u00e8 in salute ed ha tanta voglia di tirarsi fuori da questa situazione complicata. Per battere la Pro Vercelli dobbiamo affidarci alle nostre caratteristiche migliori, che ci permettono di poter fare male in pi\u00f9 zone del campo. Sar\u00e0 fondamentale gestire l\u2019ansia giocare con tanta pazienza: non dobbiamo permettere alla fretta di tramutarsi in un avversario in pi\u00f9\u201d.<\/p>\n<p style=\"text-align: justify;\">Per la gara \u00a0Roberto Breda ha convocato 22 giocatori: Di Gennaro, Farelli, Mazzoleni, Bruno, Bruscagin, Brosco, Cottafava, Crimi, DouDou, Milani, Ricciardi, Rossi, Nelson, Sforzini, Sbaffo, Pettinari, Paolucci, Petagna, Almici, Valiani, Dellafiore, Viviani. Indisponibili invece<b>,<\/b>\u00a0Esposito, Ashong, Angelo, Spilabotte.<\/p>\n","protected":false},"excerpt":{"rendered":"<p>LATINA &#8211; Saranno in vendita fino alle 14 di oggi, un&#8217;ora prima del match, i biglietti per assistere a Latina-Pro Vercelli, gara valida per la sedicesima giornata del Campionato di serie B in programma alle 15 allo stadio Francioni dove i padroni di casa, ultimi in classifica, devono assolutamente vincere. Roberto Breda \u00e8 fiducioso e [&hellip;]<\/p>\n","protected":false},"author":62,"featured_media":156250,"comment_status":"open","ping_status":"closed","sticky":false,"template":"","format":"standard","meta":{"footnotes":""},"categories":[17],"tags":[],"class_list":["post-158324","post","type-post","status-publish","format-standard","has-post-thumbnail","hentry","category-sport"],"_links":{"self":[{"href":"https:\/\/www.radioluna.it\/news\/wp-json\/wp\/v2\/posts\/158324","targetHints":{"allow":["GET"]}}],"collection":[{"href":"https:\/\/www.radioluna.it\/news\/wp-json\/wp\/v2\/posts"}],"about":[{"href":"https:\/\/www.radioluna.it\/news\/wp-json\/wp\/v2\/types\/post"}],"author":[{"embeddable":true,"href":"https:\/\/www.radioluna.it\/news\/wp-json\/wp\/v2\/users\/62"}],"replies":[{"embeddable":true,"href":"https:\/\/www.radioluna.it\/news\/wp-json\/wp\/v2\/comments?post=158324"}],"version-history":[{"count":0,"href":"https:\/\/www.radioluna.it\/news\/wp-json\/wp\/v2\/posts\/158324\/revisions"}],"wp:featuredmedia":[{"embeddable":true,"href":"https:\/\/www.radioluna.it\/news\/wp-json\/wp\/v2\/media\/156250"}],"wp:attachment":[{"href":"https:\/\/www.radioluna.it\/news\/wp-json\/wp\/v2\/media?parent=158324"}],"wp:term":[{"taxonomy":"category","embeddable":true,"href":"https:\/\/www.radioluna.it\/news\/wp-json\/wp\/v2\/categories?post=158324"},{"taxonomy":"post_tag","embeddable":true,"href":"https:\/\/www.radioluna.it\/news\/wp-json\/wp\/v2\/tags?post=158324"}],"curies":[{"name":"wp","href":"https:\/\/api.w.org\/{rel}","templated":true}]}}