{"id":158330,"date":"2014-11-29T12:48:57","date_gmt":"2014-11-29T11:48:57","guid":{"rendered":"http:\/\/www.radioluna.it\/news\/?p=158330"},"modified":"2014-11-29T12:50:57","modified_gmt":"2014-11-29T11:50:57","slug":"i-pontini-zavatti-e-leone-con-la-nazionale-amputati-ai-mondiali-in-messico","status":"publish","type":"post","link":"https:\/\/www.radioluna.it\/news\/2014\/11\/i-pontini-zavatti-e-leone-con-la-nazionale-amputati-ai-mondiali-in-messico\/","title":{"rendered":"I pontini Zavatti e Leone con la Nazionale Amputati ai Mondiali in Messico"},"content":{"rendered":"<div id=\"fb-root\"><\/div>\n<div id=\"attachment_158331\" style=\"width: 645px\" class=\"wp-caption aligncenter\"><img loading=\"lazy\" decoding=\"async\" aria-describedby=\"caption-attachment-158331\" class=\"wp-image-158331 size-thumbnail\" src=\"http:\/\/www.radioluna.it\/news\/wp-content\/uploads\/2014\/11\/zavatti-635x476.jpg\" alt=\"Con la squadra in aereo, Zavatti mostra il pollice\" width=\"635\" height=\"476\" srcset=\"https:\/\/www.radioluna.it\/news\/wp-content\/uploads\/2014\/11\/zavatti-635x476.jpg 635w, https:\/\/www.radioluna.it\/news\/wp-content\/uploads\/2014\/11\/zavatti-500x375.jpg 500w, https:\/\/www.radioluna.it\/news\/wp-content\/uploads\/2014\/11\/zavatti-300x225.jpg 300w, https:\/\/www.radioluna.it\/news\/wp-content\/uploads\/2014\/11\/zavatti.jpg 640w\" sizes=\"auto, (max-width: 635px) 100vw, 635px\" \/><p id=\"caption-attachment-158331\" class=\"wp-caption-text\">Con la squadra in aereo, Zavatti mostra il pollice<\/p><\/div>\n<p style=\"text-align: justify;\"><strong>LATINA<\/strong> &#8211; Sono partiti da Latina alla volta del Messico con la Nazionale Calcio Amputati CSI, Luca Zavatti eD Emanuele Leone che per la prima volta, da domani, prenderanno parte al Mondiale di calcio per amputati in programma dal 30 novembre al 7 dicembre a Culia\u00e7an. E&#8217; la prima volta anche per la nazionale azzurra nata dal desiderio di restare sul campo da calcio di un sedicenne, il capitano Francesco Messori.<\/p>\n<p style=\"text-align: justify;\">Con Zavatti e Leone altri 10 giocatori convocati dal commissario tecnico Renzo Vergnani (coadiuvato dal suo vice Paolo Zarzana): Daniel Priami (Csi Livorno), Riccardo Tondi (Csi Pesaro-Urbino), Arturo Mariani (Csi Roma), Gianni Sasso (Csi Napoli), Emanuele Padoan (Csi Vicenza), Francesco Messori (Csi Reggio Emilia), Salvatore La Manna (Csi Palermo), Stefano Starvaggi (Csi Varese), Paolo Capasso (Csi Lucca) e Salvatore Iudica (Csi Roma).<\/p>\n<p style=\"text-align: justify;\">La squadra sar\u00e0 in campo con le stampelle, senza protesi, come prevede il regolamento. Il latinense Zavatti \u00e8 il pi\u00f9 anziano del gruppo ha 46 anni e ha subito l&#8217;amputazione di una gamba in un incidente avvenuto all&#8217;incrocio tra Via Giustiniano e la circonvallazione nei pressi di Piazza Buozzi mentre era in sella ad un maxiscooter che si \u00e8 scontrato con un&#8217;auto. Da allora la sua vita \u00e8 cambiata, ma la passione per il calcio \u00e8 rimasta e ha trovato una nuova strada. Quella che lo porter\u00e0 a partecipare alla manifestazione sportiva organizzata dalla WAFF (World Amputee Football Federation) che vede al via 23 squadre, compresi ovviamente i campioni in carica dell\u2019Uzbekistan. La selezione azzurra \u00e8 nel Gruppo B con Messico, Polonia e Georgia; domenica disputeranno la partita inaugurale contro i padroni di casa. Questo il calendario degli Azzurri (orari locali):<\/p>\n<p style=\"text-align: justify;\">30 novembre h 17:30: Messico \u2013 Italia<br \/>\n1 dicembre h 9:00: Italia-Polonia<br \/>\n2 dicembre h 18:30: Georgia \u2013 Italia<\/p>\n<p>\u201cRappresentare l\u2019Italia in un Mondiale \u00e8 per tutti noi grande motivo d\u2019orgoglio \u2013afferma il ct Renzo Vergnani-, e per questo, a nome mio e dei ragazzi, dico grazie al Centro Sportivo Italiano e al suo presidente Massimo Achini per aver permesso di realizzare questo sogno. Siamo una Nazionale giovane, nata da un paio d\u2019anni, e in Messico troveremo molte squadre pi\u00f9 esperte. Ma senza dubbio daremo il massimo: puntiamo a passare il turno, poi si vedr\u00e0\u201d.<\/p>\n","protected":false},"excerpt":{"rendered":"<p>LATINA &#8211; Sono partiti da Latina alla volta del Messico con la Nazionale Calcio Amputati CSI, Luca Zavatti eD Emanuele Leone che per la prima volta, da domani, prenderanno parte al Mondiale di calcio per amputati in programma dal 30 novembre al 7 dicembre a Culia\u00e7an. E&#8217; la prima volta anche per la nazionale azzurra [&hellip;]<\/p>\n","protected":false},"author":62,"featured_media":158331,"comment_status":"open","ping_status":"closed","sticky":false,"template":"","format":"standard","meta":{"footnotes":""},"categories":[17],"tags":[],"class_list":["post-158330","post","type-post","status-publish","format-standard","has-post-thumbnail","hentry","category-sport"],"_links":{"self":[{"href":"https:\/\/www.radioluna.it\/news\/wp-json\/wp\/v2\/posts\/158330","targetHints":{"allow":["GET"]}}],"collection":[{"href":"https:\/\/www.radioluna.it\/news\/wp-json\/wp\/v2\/posts"}],"about":[{"href":"https:\/\/www.radioluna.it\/news\/wp-json\/wp\/v2\/types\/post"}],"author":[{"embeddable":true,"href":"https:\/\/www.radioluna.it\/news\/wp-json\/wp\/v2\/users\/62"}],"replies":[{"embeddable":true,"href":"https:\/\/www.radioluna.it\/news\/wp-json\/wp\/v2\/comments?post=158330"}],"version-history":[{"count":0,"href":"https:\/\/www.radioluna.it\/news\/wp-json\/wp\/v2\/posts\/158330\/revisions"}],"wp:featuredmedia":[{"embeddable":true,"href":"https:\/\/www.radioluna.it\/news\/wp-json\/wp\/v2\/media\/158331"}],"wp:attachment":[{"href":"https:\/\/www.radioluna.it\/news\/wp-json\/wp\/v2\/media?parent=158330"}],"wp:term":[{"taxonomy":"category","embeddable":true,"href":"https:\/\/www.radioluna.it\/news\/wp-json\/wp\/v2\/categories?post=158330"},{"taxonomy":"post_tag","embeddable":true,"href":"https:\/\/www.radioluna.it\/news\/wp-json\/wp\/v2\/tags?post=158330"}],"curies":[{"name":"wp","href":"https:\/\/api.w.org\/{rel}","templated":true}]}}