{"id":158393,"date":"2014-12-02T08:27:23","date_gmt":"2014-12-02T07:27:23","guid":{"rendered":"http:\/\/www.radioluna.it\/news\/?p=158393"},"modified":"2014-12-02T08:27:23","modified_gmt":"2014-12-02T07:27:23","slug":"calcio-breda-in-bilico-rischia-lesonero","status":"publish","type":"post","link":"https:\/\/www.radioluna.it\/news\/2014\/12\/calcio-breda-in-bilico-rischia-lesonero\/","title":{"rendered":"Calcio, Breda in bilico rischia l&#8217;esonero"},"content":{"rendered":"<div id=\"fb-root\"><\/div>\n<div style=\"text-align: justify;\">\n<div id=\"attachment_158394\" style=\"width: 645px\" class=\"wp-caption aligncenter\"><img loading=\"lazy\" decoding=\"async\" aria-describedby=\"caption-attachment-158394\" class=\"size-thumbnail wp-image-158394\" src=\"http:\/\/www.radioluna.it\/news\/wp-content\/uploads\/2014\/12\/BREDA-11-750x400-635x338.jpg\" alt=\"Breda in panchina (foto paola Libralato per Us Latina Calcio)\" width=\"635\" height=\"338\" srcset=\"https:\/\/www.radioluna.it\/news\/wp-content\/uploads\/2014\/12\/BREDA-11-750x400-635x338.jpg 635w, https:\/\/www.radioluna.it\/news\/wp-content\/uploads\/2014\/12\/BREDA-11-750x400-500x267.jpg 500w, https:\/\/www.radioluna.it\/news\/wp-content\/uploads\/2014\/12\/BREDA-11-750x400-300x160.jpg 300w, https:\/\/www.radioluna.it\/news\/wp-content\/uploads\/2014\/12\/BREDA-11-750x400.jpg 750w\" sizes=\"auto, (max-width: 635px) 100vw, 635px\" \/><p id=\"caption-attachment-158394\" class=\"wp-caption-text\">Breda in panchina (foto Paola Libralato per Us Latina Calcio)<\/p><\/div>\n<p>LATINA- Roberto Breda rischia di non essere pi\u00f9 l&#8217;allenatore del Latina, il tecnico trevigiano \u00e8 stato convocato luned\u00ec \u00a0pomeriggio dalla societ\u00e0 per un incontro relativo al difficile momento che sta attraversando la squadra. Alle 15 Breda aveva diretto l&#8217;allenamento al Francioni, poi \u00a0una lunga\u00a0riunione al termine della quale la notizia dell&#8217;esonero circolata \u00e8 stata smentita dal presidente Pasquale Maietta.\u00a0Oggi dunque Breda guider\u00e0 i due allenamenti in programma al Francioni. Al suo posto l&#8217;unica soluzione che al momento appare percorribile \u00e8 quella dell&#8217;allenatore della Primavera Mark Iuliano, Breda ha con il Latina un contratto biennale.<\/p><\/div>\n","protected":false},"excerpt":{"rendered":"<p>LATINA- Roberto Breda rischia di non essere pi\u00f9 l&#8217;allenatore del Latina, il tecnico trevigiano \u00e8 stato convocato luned\u00ec \u00a0pomeriggio dalla societ\u00e0 per un incontro relativo al difficile momento che sta attraversando la squadra. Alle 15 Breda aveva diretto l&#8217;allenamento al Francioni, poi \u00a0una lunga\u00a0riunione al termine della quale la notizia dell&#8217;esonero circolata \u00e8 stata smentita [&hellip;]<\/p>\n","protected":false},"author":60,"featured_media":158394,"comment_status":"open","ping_status":"closed","sticky":false,"template":"","format":"standard","meta":{"footnotes":""},"categories":[17],"tags":[],"class_list":["post-158393","post","type-post","status-publish","format-standard","has-post-thumbnail","hentry","category-sport"],"_links":{"self":[{"href":"https:\/\/www.radioluna.it\/news\/wp-json\/wp\/v2\/posts\/158393","targetHints":{"allow":["GET"]}}],"collection":[{"href":"https:\/\/www.radioluna.it\/news\/wp-json\/wp\/v2\/posts"}],"about":[{"href":"https:\/\/www.radioluna.it\/news\/wp-json\/wp\/v2\/types\/post"}],"author":[{"embeddable":true,"href":"https:\/\/www.radioluna.it\/news\/wp-json\/wp\/v2\/users\/60"}],"replies":[{"embeddable":true,"href":"https:\/\/www.radioluna.it\/news\/wp-json\/wp\/v2\/comments?post=158393"}],"version-history":[{"count":0,"href":"https:\/\/www.radioluna.it\/news\/wp-json\/wp\/v2\/posts\/158393\/revisions"}],"wp:featuredmedia":[{"embeddable":true,"href":"https:\/\/www.radioluna.it\/news\/wp-json\/wp\/v2\/media\/158394"}],"wp:attachment":[{"href":"https:\/\/www.radioluna.it\/news\/wp-json\/wp\/v2\/media?parent=158393"}],"wp:term":[{"taxonomy":"category","embeddable":true,"href":"https:\/\/www.radioluna.it\/news\/wp-json\/wp\/v2\/categories?post=158393"},{"taxonomy":"post_tag","embeddable":true,"href":"https:\/\/www.radioluna.it\/news\/wp-json\/wp\/v2\/tags?post=158393"}],"curies":[{"name":"wp","href":"https:\/\/api.w.org\/{rel}","templated":true}]}}