{"id":158395,"date":"2014-12-02T09:01:28","date_gmt":"2014-12-02T08:01:28","guid":{"rendered":"http:\/\/www.radioluna.it\/news\/?p=158395"},"modified":"2014-12-02T09:01:28","modified_gmt":"2014-12-02T08:01:28","slug":"addio-marcello-sarandrea-mister-sorridente","status":"publish","type":"post","link":"https:\/\/www.radioluna.it\/news\/2014\/12\/addio-marcello-sarandrea-mister-sorridente\/","title":{"rendered":"Addio Marcello Sarandrea, mister sorridente"},"content":{"rendered":"<div id=\"fb-root\"><\/div>\n<p><img loading=\"lazy\" decoding=\"async\" class=\"aligncenter size-full wp-image-158396\" src=\"http:\/\/www.radioluna.it\/news\/wp-content\/uploads\/2014\/12\/marcello-sarandrea.jpg\" alt=\"marcello sarandrea\" width=\"604\" height=\"453\" srcset=\"https:\/\/www.radioluna.it\/news\/wp-content\/uploads\/2014\/12\/marcello-sarandrea.jpg 604w, https:\/\/www.radioluna.it\/news\/wp-content\/uploads\/2014\/12\/marcello-sarandrea-500x375.jpg 500w, https:\/\/www.radioluna.it\/news\/wp-content\/uploads\/2014\/12\/marcello-sarandrea-300x225.jpg 300w\" sizes=\"auto, (max-width: 604px) 100vw, 604px\" \/>LATINA &#8211; Il mondo sportivo pontino saluta Marcello Sarandrea, il mister sorridente dalle mille esperienze, maestro sui campi di molti comuni della provincia, protagonista dell&#8217;epoca d&#8217;oro con il Nuovo Latina negli anni &#8217;80. Originario di Sonnino, scopr\u00ec Ubaldo Righetti, divenuto poi calciatore di punta della Roma. Sarandrea si \u00e8 spento il 1 dicembre all&#8217;et\u00e0 di 70 anni.<\/p>\n<p>Al nostro collega Paolo Sarandrea, che dal pap\u00e0 ha evidentemente ereditato il sorriso, e al resto della famiglia un abbraccio affettuoso dalla redazione di Radioluna. I funerali dell&#8217;allenatore di calcio si terranno marted\u00ec 2 dicembre alle 15 nella Cattedrale di San Marco a Latina.<\/p>\n<div class=\"radio-posizionamento-telefono-in-articoli-dopo-il-contenuto-articolo radio-entity-placement\" id=\"radio-2496129152\"><div id=\"radio-1142260623\"><a href=\"https:\/\/www.simeoneceramiche.com\/\" aria-label=\"SIMEONE CERAMICHE GIF animata per radioluna_Tavola disegno 1 copia 2 (online-video-cutter.com)\"><img loading=\"lazy\" decoding=\"async\" src=\"https:\/\/www.radioluna.it\/news\/wp-content\/uploads\/2025\/05\/SIMEONE-CERAMICHE-GIF-animata-per-radioluna_Tavola-disegno-1-copia-2-online-video-cutter.com_.gif\" alt=\"\"  width=\"300\" height=\"250\"   \/><\/a><\/div><\/div>","protected":false},"excerpt":{"rendered":"<p>LATINA &#8211; Il mondo sportivo pontino saluta Marcello Sarandrea, il mister sorridente dalle mille esperienze, maestro sui campi di molti comuni della provincia, protagonista dell&#8217;epoca d&#8217;oro con il Nuovo Latina negli anni &#8217;80. Originario di Sonnino, scopr\u00ec Ubaldo Righetti, divenuto poi calciatore di punta della Roma. Sarandrea si \u00e8 spento il 1 dicembre all&#8217;et\u00e0 di [&hellip;]<\/p>\n","protected":false},"author":60,"featured_media":158396,"comment_status":"open","ping_status":"closed","sticky":false,"template":"","format":"standard","meta":{"footnotes":""},"categories":[735],"tags":[],"class_list":["post-158395","post","type-post","status-publish","format-standard","has-post-thumbnail","hentry","category-attualita"],"_links":{"self":[{"href":"https:\/\/www.radioluna.it\/news\/wp-json\/wp\/v2\/posts\/158395","targetHints":{"allow":["GET"]}}],"collection":[{"href":"https:\/\/www.radioluna.it\/news\/wp-json\/wp\/v2\/posts"}],"about":[{"href":"https:\/\/www.radioluna.it\/news\/wp-json\/wp\/v2\/types\/post"}],"author":[{"embeddable":true,"href":"https:\/\/www.radioluna.it\/news\/wp-json\/wp\/v2\/users\/60"}],"replies":[{"embeddable":true,"href":"https:\/\/www.radioluna.it\/news\/wp-json\/wp\/v2\/comments?post=158395"}],"version-history":[{"count":0,"href":"https:\/\/www.radioluna.it\/news\/wp-json\/wp\/v2\/posts\/158395\/revisions"}],"wp:featuredmedia":[{"embeddable":true,"href":"https:\/\/www.radioluna.it\/news\/wp-json\/wp\/v2\/media\/158396"}],"wp:attachment":[{"href":"https:\/\/www.radioluna.it\/news\/wp-json\/wp\/v2\/media?parent=158395"}],"wp:term":[{"taxonomy":"category","embeddable":true,"href":"https:\/\/www.radioluna.it\/news\/wp-json\/wp\/v2\/categories?post=158395"},{"taxonomy":"post_tag","embeddable":true,"href":"https:\/\/www.radioluna.it\/news\/wp-json\/wp\/v2\/tags?post=158395"}],"curies":[{"name":"wp","href":"https:\/\/api.w.org\/{rel}","templated":true}]}}