{"id":158500,"date":"2014-12-04T20:33:04","date_gmt":"2014-12-04T19:33:04","guid":{"rendered":"http:\/\/www.radioluna.it\/news\/?p=158500"},"modified":"2014-12-04T20:33:04","modified_gmt":"2014-12-04T19:33:04","slug":"perugia-latina-arbitra-maresca","status":"publish","type":"post","link":"https:\/\/www.radioluna.it\/news\/2014\/12\/perugia-latina-arbitra-maresca\/","title":{"rendered":"Perugia-Latina arbitra Maresca"},"content":{"rendered":"<div id=\"fb-root\"><\/div>\n<p><img loading=\"lazy\" decoding=\"async\" class=\"alignleft size-thumbnail wp-image-152627\" src=\"http:\/\/www.radioluna.it\/news\/wp-content\/uploads\/2014\/07\/brosco_latina_-635x306.jpg\" alt=\"brosco_latina_\" width=\"635\" height=\"306\" srcset=\"https:\/\/www.radioluna.it\/news\/wp-content\/uploads\/2014\/07\/brosco_latina_-635x306.jpg 635w, https:\/\/www.radioluna.it\/news\/wp-content\/uploads\/2014\/07\/brosco_latina_-300x145.jpg 300w, https:\/\/www.radioluna.it\/news\/wp-content\/uploads\/2014\/07\/brosco_latina_-768x371.jpg 768w, https:\/\/www.radioluna.it\/news\/wp-content\/uploads\/2014\/07\/brosco_latina_-500x241.jpg 500w, https:\/\/www.radioluna.it\/news\/wp-content\/uploads\/2014\/07\/brosco_latina_.jpg 800w\" sizes=\"auto, (max-width: 635px) 100vw, 635px\" \/><\/p>\n<p>LATINA- Sar\u00e0 Fabio Maresca di Napoli a dirigere sabato pomeriggio al Renato Curi, la sfida tra il Latina e il Perugia. L&#8217;ultimo precedente del fischietto campano con i nerazzurri non \u00e8 positivo e risale alla sconfitta interna con il Bologna che coincideva con il ritorno in panchina di Roberto Breda. Contro i grifoni il tecnico trevigiano dovr\u00e0 fare a meno di Crimi che salter\u00e0 il match perch\u00e9 \u00e8 squalificato. Fino a questo momento della stagione il Latina ha totalizzato appena due vittorie e non ha mai conquistato tre punti in trasferta, l&#8217;ultimo successo lontano dal Francioni risale allo scorso maggio a Cesena per 3-1 in occasione della regolar season.<\/p>\n","protected":false},"excerpt":{"rendered":"<p>LATINA- Sar\u00e0 Fabio Maresca di Napoli a dirigere sabato pomeriggio al Renato Curi, la sfida tra il Latina e il Perugia. L&#8217;ultimo precedente del fischietto campano con i nerazzurri non \u00e8 positivo e risale alla sconfitta interna con il Bologna che coincideva con il ritorno in panchina di Roberto Breda. Contro i grifoni il tecnico [&hellip;]<\/p>\n","protected":false},"author":60,"featured_media":152627,"comment_status":"open","ping_status":"closed","sticky":false,"template":"","format":"standard","meta":{"footnotes":""},"categories":[17],"tags":[],"class_list":["post-158500","post","type-post","status-publish","format-standard","has-post-thumbnail","hentry","category-sport"],"_links":{"self":[{"href":"https:\/\/www.radioluna.it\/news\/wp-json\/wp\/v2\/posts\/158500","targetHints":{"allow":["GET"]}}],"collection":[{"href":"https:\/\/www.radioluna.it\/news\/wp-json\/wp\/v2\/posts"}],"about":[{"href":"https:\/\/www.radioluna.it\/news\/wp-json\/wp\/v2\/types\/post"}],"author":[{"embeddable":true,"href":"https:\/\/www.radioluna.it\/news\/wp-json\/wp\/v2\/users\/60"}],"replies":[{"embeddable":true,"href":"https:\/\/www.radioluna.it\/news\/wp-json\/wp\/v2\/comments?post=158500"}],"version-history":[{"count":0,"href":"https:\/\/www.radioluna.it\/news\/wp-json\/wp\/v2\/posts\/158500\/revisions"}],"wp:featuredmedia":[{"embeddable":true,"href":"https:\/\/www.radioluna.it\/news\/wp-json\/wp\/v2\/media\/152627"}],"wp:attachment":[{"href":"https:\/\/www.radioluna.it\/news\/wp-json\/wp\/v2\/media?parent=158500"}],"wp:term":[{"taxonomy":"category","embeddable":true,"href":"https:\/\/www.radioluna.it\/news\/wp-json\/wp\/v2\/categories?post=158500"},{"taxonomy":"post_tag","embeddable":true,"href":"https:\/\/www.radioluna.it\/news\/wp-json\/wp\/v2\/tags?post=158500"}],"curies":[{"name":"wp","href":"https:\/\/api.w.org\/{rel}","templated":true}]}}