{"id":158522,"date":"2014-12-05T12:15:36","date_gmt":"2014-12-05T11:15:36","guid":{"rendered":"http:\/\/www.radioluna.it\/news\/?p=158522"},"modified":"2014-12-05T12:15:47","modified_gmt":"2014-12-05T11:15:47","slug":"volley-per-latina-piacenza-in-campo-accompagnatori-speciali","status":"publish","type":"post","link":"https:\/\/www.radioluna.it\/news\/2014\/12\/volley-per-latina-piacenza-in-campo-accompagnatori-speciali\/","title":{"rendered":"Volley, per Latina-Piacenza in campo accompagnatori speciali"},"content":{"rendered":"<div id=\"fb-root\"><\/div>\n<p style=\"text-align: justify;\"><img loading=\"lazy\" decoding=\"async\" class=\"aligncenter size-thumbnail wp-image-158525\" src=\"http:\/\/www.radioluna.it\/news\/wp-content\/uploads\/2014\/12\/aipd-635x357.jpg\" alt=\"aipd\" width=\"635\" height=\"357\" srcset=\"https:\/\/www.radioluna.it\/news\/wp-content\/uploads\/2014\/12\/aipd-635x357.jpg 635w, https:\/\/www.radioluna.it\/news\/wp-content\/uploads\/2014\/12\/aipd-300x169.jpg 300w, https:\/\/www.radioluna.it\/news\/wp-content\/uploads\/2014\/12\/aipd-768x432.jpg 768w, https:\/\/www.radioluna.it\/news\/wp-content\/uploads\/2014\/12\/aipd-500x281.jpg 500w, https:\/\/www.radioluna.it\/news\/wp-content\/uploads\/2014\/12\/aipd-800x450.jpg 800w, https:\/\/www.radioluna.it\/news\/wp-content\/uploads\/2014\/12\/aipd.jpg 960w\" sizes=\"auto, (max-width: 635px) 100vw, 635px\" \/>LATINA &#8211; Continua la collaborazione tra la Top Volley Latina e l\u2019AIPD. Domenica i ragazzi dell\u2019Aipd (Associazione Italiana Persone Down) accompagneranno in campo Latina e Piacenza prima del fischio d\u2019inizio che ci sar\u00e0 alle 18 con differita Raisport1 alle 22.10. Un\u2019iniziativa che vuole sensibilizzare la Citt\u00e0 verso la Onlus che da un anno \u00e8 ha una propria sede a Latina, nel piazzale del PalaBianchini in via dei Mille (per informazioni 0773.1646817 o visitare le pagine in rete su facebook\/Aipdlatina) e ha l\u2019intento di lavorare sull\u2019autonomia delle persone down, dai pi\u00f9 piccoli ai pi\u00f9 grandi, in modo da renderli il pi\u00f9 possibile autonomi.<\/p>\n","protected":false},"excerpt":{"rendered":"<p>LATINA &#8211; Continua la collaborazione tra la Top Volley Latina e l\u2019AIPD. Domenica i ragazzi dell\u2019Aipd (Associazione Italiana Persone Down) accompagneranno in campo Latina e Piacenza prima del fischio d\u2019inizio che ci sar\u00e0 alle 18 con differita Raisport1 alle 22.10. Un\u2019iniziativa che vuole sensibilizzare la Citt\u00e0 verso la Onlus che da un anno \u00e8 ha [&hellip;]<\/p>\n","protected":false},"author":62,"featured_media":158525,"comment_status":"open","ping_status":"closed","sticky":false,"template":"","format":"standard","meta":{"footnotes":""},"categories":[17],"tags":[],"class_list":["post-158522","post","type-post","status-publish","format-standard","has-post-thumbnail","hentry","category-sport"],"_links":{"self":[{"href":"https:\/\/www.radioluna.it\/news\/wp-json\/wp\/v2\/posts\/158522","targetHints":{"allow":["GET"]}}],"collection":[{"href":"https:\/\/www.radioluna.it\/news\/wp-json\/wp\/v2\/posts"}],"about":[{"href":"https:\/\/www.radioluna.it\/news\/wp-json\/wp\/v2\/types\/post"}],"author":[{"embeddable":true,"href":"https:\/\/www.radioluna.it\/news\/wp-json\/wp\/v2\/users\/62"}],"replies":[{"embeddable":true,"href":"https:\/\/www.radioluna.it\/news\/wp-json\/wp\/v2\/comments?post=158522"}],"version-history":[{"count":0,"href":"https:\/\/www.radioluna.it\/news\/wp-json\/wp\/v2\/posts\/158522\/revisions"}],"wp:featuredmedia":[{"embeddable":true,"href":"https:\/\/www.radioluna.it\/news\/wp-json\/wp\/v2\/media\/158525"}],"wp:attachment":[{"href":"https:\/\/www.radioluna.it\/news\/wp-json\/wp\/v2\/media?parent=158522"}],"wp:term":[{"taxonomy":"category","embeddable":true,"href":"https:\/\/www.radioluna.it\/news\/wp-json\/wp\/v2\/categories?post=158522"},{"taxonomy":"post_tag","embeddable":true,"href":"https:\/\/www.radioluna.it\/news\/wp-json\/wp\/v2\/tags?post=158522"}],"curies":[{"name":"wp","href":"https:\/\/api.w.org\/{rel}","templated":true}]}}