{"id":158545,"date":"2014-12-05T18:41:02","date_gmt":"2014-12-05T17:41:02","guid":{"rendered":"http:\/\/www.radioluna.it\/news\/?p=158545"},"modified":"2014-12-05T19:11:45","modified_gmt":"2014-12-05T18:11:45","slug":"breda-fuori-casa-ottime-prestazioni","status":"publish","type":"post","link":"https:\/\/www.radioluna.it\/news\/2014\/12\/breda-fuori-casa-ottime-prestazioni\/","title":{"rendered":"Breda: &#8220;Fuori casa ottime prestazioni&#8221;"},"content":{"rendered":"<div id=\"fb-root\"><\/div>\n<p style=\"text-align: justify;\"><strong><img loading=\"lazy\" decoding=\"async\" class=\"alignleft size-medium wp-image-156661\" src=\"http:\/\/www.radioluna.it\/news\/wp-content\/uploads\/2014\/10\/breda-carpi-300x160.jpg\" alt=\"breda carpi\" width=\"300\" height=\"160\" srcset=\"https:\/\/www.radioluna.it\/news\/wp-content\/uploads\/2014\/10\/breda-carpi-300x160.jpg 300w, https:\/\/www.radioluna.it\/news\/wp-content\/uploads\/2014\/10\/breda-carpi-500x267.jpg 500w, https:\/\/www.radioluna.it\/news\/wp-content\/uploads\/2014\/10\/breda-carpi-635x338.jpg 635w, https:\/\/www.radioluna.it\/news\/wp-content\/uploads\/2014\/10\/breda-carpi.jpg 750w\" sizes=\"auto, (max-width: 300px) 100vw, 300px\" \/>LATINA- &#8220;<\/strong>Ultimamente abbiamo fatto prestazioni ottime fuori casa, questa contro il Perugia la accomuno alla partita di La Spezia come importanza di squadra, ambiente e sviluppi che pu\u00f2 avere la gara&#8221;. Sono queste le parole di Roberto Breda alla vigilia della sfida al Renato Curi dove il Latina ultimo in classifica giocher\u00e0 con l&#8217;obbligo di fare risultato e centrare una vittoria che manca da quasi sette mesi dal blitz a Cesena per 3-1. Mancher\u00e0 a centrocampo Crimi mentre in attacco il tecnico trevigiano scioglier\u00e0 gli ultimi dubbi prima del fischio di inizio. Breda ha portato 22 giocatori e la squadra \u00e8 partita oggi pomeriggio per il ritiro umbro. L&#8217;ultimo precedente al Curi \u00e8 negativo e risale alla stagione 2012-2013 in Prima Divisione di Lega Pro quando l&#8217;allora squadra allenata da Fabio Pecchia perse contro i biancorossi allenati da Campolone.<\/p>\n","protected":false},"excerpt":{"rendered":"<p>LATINA- &#8220;Ultimamente abbiamo fatto prestazioni ottime fuori casa, questa contro il Perugia la accomuno alla partita di La Spezia come importanza di squadra, ambiente e sviluppi che pu\u00f2 avere la gara&#8221;. Sono queste le parole di Roberto Breda alla vigilia della sfida al Renato Curi dove il Latina ultimo in classifica giocher\u00e0 con l&#8217;obbligo di [&hellip;]<\/p>\n","protected":false},"author":60,"featured_media":156661,"comment_status":"open","ping_status":"closed","sticky":false,"template":"","format":"standard","meta":{"footnotes":""},"categories":[17],"tags":[],"class_list":["post-158545","post","type-post","status-publish","format-standard","has-post-thumbnail","hentry","category-sport"],"_links":{"self":[{"href":"https:\/\/www.radioluna.it\/news\/wp-json\/wp\/v2\/posts\/158545","targetHints":{"allow":["GET"]}}],"collection":[{"href":"https:\/\/www.radioluna.it\/news\/wp-json\/wp\/v2\/posts"}],"about":[{"href":"https:\/\/www.radioluna.it\/news\/wp-json\/wp\/v2\/types\/post"}],"author":[{"embeddable":true,"href":"https:\/\/www.radioluna.it\/news\/wp-json\/wp\/v2\/users\/60"}],"replies":[{"embeddable":true,"href":"https:\/\/www.radioluna.it\/news\/wp-json\/wp\/v2\/comments?post=158545"}],"version-history":[{"count":0,"href":"https:\/\/www.radioluna.it\/news\/wp-json\/wp\/v2\/posts\/158545\/revisions"}],"wp:featuredmedia":[{"embeddable":true,"href":"https:\/\/www.radioluna.it\/news\/wp-json\/wp\/v2\/media\/156661"}],"wp:attachment":[{"href":"https:\/\/www.radioluna.it\/news\/wp-json\/wp\/v2\/media?parent=158545"}],"wp:term":[{"taxonomy":"category","embeddable":true,"href":"https:\/\/www.radioluna.it\/news\/wp-json\/wp\/v2\/categories?post=158545"},{"taxonomy":"post_tag","embeddable":true,"href":"https:\/\/www.radioluna.it\/news\/wp-json\/wp\/v2\/tags?post=158545"}],"curies":[{"name":"wp","href":"https:\/\/api.w.org\/{rel}","templated":true}]}}