{"id":158637,"date":"2014-12-09T12:35:46","date_gmt":"2014-12-09T11:35:46","guid":{"rendered":"http:\/\/www.radioluna.it\/news\/?p=158637"},"modified":"2014-12-09T12:35:46","modified_gmt":"2014-12-09T11:35:46","slug":"torna-il-latina-vertical-sprint-appuntamento-il-18-gennaio","status":"publish","type":"post","link":"https:\/\/www.radioluna.it\/news\/2014\/12\/torna-il-latina-vertical-sprint-appuntamento-il-18-gennaio\/","title":{"rendered":"Torna il Latina Vertical Sprint, appuntamento il 18 gennaio"},"content":{"rendered":"<div id=\"fb-root\"><\/div>\n<p style=\"text-align: justify;\"><strong><img loading=\"lazy\" decoding=\"async\" class=\"alignleft size-full wp-image-158638\" src=\"http:\/\/www.radioluna.it\/news\/wp-content\/uploads\/2014\/12\/loc-vertical.jpg\" alt=\"loc vertical\" width=\"336\" height=\"504\" srcset=\"https:\/\/www.radioluna.it\/news\/wp-content\/uploads\/2014\/12\/loc-vertical.jpg 336w, https:\/\/www.radioluna.it\/news\/wp-content\/uploads\/2014\/12\/loc-vertical-200x300.jpg 200w\" sizes=\"auto, (max-width: 336px) 100vw, 336px\" \/>LATINA<\/strong> &#8211; Torner\u00e0 con il nuovo anno una delle gare sportive pi\u00f9 appassionanti: l&#8217;ascesa della Torre Pontina, scalino dopo scalino. E&#8217; la seconda edizione della Reale Mutua Assicurazioni Latina Vertical Sprint, in programma il 18 gennaio alle ore 11. Sulla scia delle pi\u00f9 famose \u00a0competizioni che si svolgono sulle rampe dei grattacieli di New York, Taiwan, Taipei, China, Spagna, Singapore, Brasile, Cina, Vietnam, il Latina Vertical Sprint, unica del genere in Italia, \u00a0preceder\u00e0 di un mese la tappa sul famoso Empire State Building. Radioluna sar\u00e0 media partner dell&#8217;evento.<\/p>\n<p style=\"text-align: justify;\">Lo scorso anno furono oltre 100 partecipanti allo start pronti a scalare nel minor tempo possibile i 702 gradini lungo i 137 piani fino alla vetta, posta a 128 metri di altezza. Ideata da Mariacristina Maione (Maione Store) e dall&#8217;ingegnere Alberto Spagnoli (presidente ASD Latina Runners), la manifestazione (che sar\u00e0 a numero chiuso) \u00e8 destinata a superare i numeri della prima edizione. Parteciperanno i pi\u00f9 forti specialisti del mondo nella disciplina, molti dei quali saranno a Latina per allenarsi alla sfida newyorkese.<\/p>\n<p style=\"text-align: justify;\">La scorsa edizione \u00e8 stata vinta dai coniugi Dario Fracassi e Cristina Bonacina, coppia del bergamasco tesserata con la Talamona Sondrio. Nella categoria uomini Fracassi ha tagliato il traguardo in 3 minuti e 48 secondi, lasciandosi alle proprie l\u2019 algerino Abdikar Mohamed, Sergio Contenta Sergio e soprattutto l\u2019 olimpionico Tayeb Filali, la &#8220;Gazzella dei Monti Lepini&#8221;, specialista del mezzofondo e fondo internazionale, a dimostrazione della particolarit\u00e0 della gara e del tipo di preparazione richiesta. Nella categoria donne, Cristina Bonacina, campionessa del Mondo e seconda all&#8217;Empire State Bulding di New York, ha impiegato 4 minuti e 48 secondi. Vanta un curriculum di pi\u00f9 di 60 gare tra i grattacieli di tutto il mondo.<\/p>\n<p style=\"text-align: justify;\"><strong>LA FORMUL<\/strong>A &#8211; La formula, che nella prima edizione prevedeva la partenza degli atleti in gruppi di 5 atleti alla volta, potrebbe cambiare. Saranno comunque i giudici di gara a stabilire batterie o griglie di preferenza. Sar\u00e0 rilevato il tempo cronometrico &#8216;real time&#8217; (dal punto di partenza al punto di arrivo); il cronometraggio avverr\u00e0 con microchip e sar\u00e0 a cura della TDS (Timing Data Service).<\/p>\n<p style=\"text-align: justify;\">Per info ed iscrizioni alla Reale Mutua Assicurazioni Latina Vertical Sprint rivolgersi presso il punto vendita Maione Store, di Mariacristina Maione (via Tiziano a Latina &#8211; telefono 0773 368960, sito internet www.maionestore.com). Per tutti gli atleti \u00e8 previsto un pacco gara con maglia tecnica ed integratori. Per iscriversi \u00e8 fondamentale il certificato medico sportivo. Lo sport in sicurezza, grazie alla sinergia con il Centro di Medicina dello Sport &#8220;Aimone Finestra&#8221;, \u00e8 la campagna di sensibilizzazione, che accompagna l&#8217;evento. Alla fine per\u00f2 posso arrivare in vetta, Un po&#8217; di corsa, un po&#8217; camminando, un po&#8217; appoggiandosi ai corri mano.<\/p>\n<p style=\"text-align: justify;\">\n","protected":false},"excerpt":{"rendered":"<p>LATINA &#8211; Torner\u00e0 con il nuovo anno una delle gare sportive pi\u00f9 appassionanti: l&#8217;ascesa della Torre Pontina, scalino dopo scalino. E&#8217; la seconda edizione della Reale Mutua Assicurazioni Latina Vertical Sprint, in programma il 18 gennaio alle ore 11. Sulla scia delle pi\u00f9 famose \u00a0competizioni che si svolgono sulle rampe dei grattacieli di New York, [&hellip;]<\/p>\n","protected":false},"author":62,"featured_media":158638,"comment_status":"open","ping_status":"closed","sticky":false,"template":"","format":"standard","meta":{"footnotes":""},"categories":[16,17],"tags":[],"class_list":["post-158637","post","type-post","status-publish","format-standard","has-post-thumbnail","hentry","category-appuntamenti","category-sport"],"_links":{"self":[{"href":"https:\/\/www.radioluna.it\/news\/wp-json\/wp\/v2\/posts\/158637","targetHints":{"allow":["GET"]}}],"collection":[{"href":"https:\/\/www.radioluna.it\/news\/wp-json\/wp\/v2\/posts"}],"about":[{"href":"https:\/\/www.radioluna.it\/news\/wp-json\/wp\/v2\/types\/post"}],"author":[{"embeddable":true,"href":"https:\/\/www.radioluna.it\/news\/wp-json\/wp\/v2\/users\/62"}],"replies":[{"embeddable":true,"href":"https:\/\/www.radioluna.it\/news\/wp-json\/wp\/v2\/comments?post=158637"}],"version-history":[{"count":0,"href":"https:\/\/www.radioluna.it\/news\/wp-json\/wp\/v2\/posts\/158637\/revisions"}],"wp:featuredmedia":[{"embeddable":true,"href":"https:\/\/www.radioluna.it\/news\/wp-json\/wp\/v2\/media\/158638"}],"wp:attachment":[{"href":"https:\/\/www.radioluna.it\/news\/wp-json\/wp\/v2\/media?parent=158637"}],"wp:term":[{"taxonomy":"category","embeddable":true,"href":"https:\/\/www.radioluna.it\/news\/wp-json\/wp\/v2\/categories?post=158637"},{"taxonomy":"post_tag","embeddable":true,"href":"https:\/\/www.radioluna.it\/news\/wp-json\/wp\/v2\/tags?post=158637"}],"curies":[{"name":"wp","href":"https:\/\/api.w.org\/{rel}","templated":true}]}}