{"id":158664,"date":"2014-12-10T11:50:10","date_gmt":"2014-12-10T10:50:10","guid":{"rendered":"http:\/\/www.radioluna.it\/news\/?p=158664"},"modified":"2014-12-10T11:50:10","modified_gmt":"2014-12-10T10:50:10","slug":"mercatini-di-natale-a-sermoneta-venti-installazioni-nel-borgo","status":"publish","type":"post","link":"https:\/\/www.radioluna.it\/news\/2014\/12\/mercatini-di-natale-a-sermoneta-venti-installazioni-nel-borgo\/","title":{"rendered":"Mercatini di Natale a Sermoneta, venti installazioni nel borgo"},"content":{"rendered":"<div id=\"fb-root\"><\/div>\n<p style=\"text-align: justify;\"><img loading=\"lazy\" decoding=\"async\" class=\"aligncenter size-thumbnail wp-image-158665\" src=\"http:\/\/www.radioluna.it\/news\/wp-content\/uploads\/2014\/12\/presepe1-635x839.jpg\" alt=\"presepe1\" width=\"635\" height=\"839\" srcset=\"https:\/\/www.radioluna.it\/news\/wp-content\/uploads\/2014\/12\/presepe1-635x839.jpg 635w, https:\/\/www.radioluna.it\/news\/wp-content\/uploads\/2014\/12\/presepe1-227x300.jpg 227w, https:\/\/www.radioluna.it\/news\/wp-content\/uploads\/2014\/12\/presepe1-768x1016.jpg 768w, https:\/\/www.radioluna.it\/news\/wp-content\/uploads\/2014\/12\/presepe1-500x661.jpg 500w, https:\/\/www.radioluna.it\/news\/wp-content\/uploads\/2014\/12\/presepe1-774x1024.jpg 774w, https:\/\/www.radioluna.it\/news\/wp-content\/uploads\/2014\/12\/presepe1-800x1057.jpg 800w, https:\/\/www.radioluna.it\/news\/wp-content\/uploads\/2014\/12\/presepe1.jpg 1000w\" sizes=\"auto, (max-width: 635px) 100vw, 635px\" \/><\/p>\n<p style=\"text-align: justify;\">SERMONETA &#8211; Venti installazioni per le vie del paese in un percorso tutto da scoprire: dal 13 al 14 dicembre in occasione dei Mercatini di Natale a Sermoneta saranno in mostra\u00a0\u201cI presepi nel borgo\u201d.<\/p>\n<p style=\"text-align: justify;\">Proseguono gli eventi del Natale a Sermoneta \u2013 Inferenze d&#8217;Arte con un altro intenso weekend di manifestazioni. Sabato 13 dicembre alle ore 18 alla Chiesa di San Michele Arcangelo si terr\u00e0 il concerto di fisarmonica del Maestro Marco Lo russo dal titolo \u201cVariazioni linguistiche\u201d, con la partecipazione di Anna Laura Tallarita.<\/p>\n<p style=\"text-align: justify;\">Domenica 14 dicembre Sermoneta si trasforma in un mercatino natalizio con decine di bancarelle artigianali dedicate a tutti coloro che vogliono rendere speciale il loro natale. Ogni vicolo del centro storico sar\u00e0 reso vivo dagli artigiani pontini che presenteranno le loro idee di Natale. Nella stessa occasione, si terr\u00e0 la prima edizione delle Frittelle del Borgo: ci sar\u00e0 la possibilit\u00e0 di mangiare le frittelle di Sermoneta facendo anche un gesto di solidariet\u00e0: il ricavato infatti sar\u00e0 devoluto alla Lilt \u2013 Lega Italiana Lotta ai Tumori, sezione di Latina. L&#8217;evento \u00e8 a cura dell&#8217;Associazione Festeggiamenti Centro Storico.<\/p>\n<p style=\"text-align: justify;\">Alle 16.30 presso la Chiesa di San Giuseppe si esibir\u00e0 il coro giovanile Enjoy di Borgo Sabotino e, alle 18, la banda musicale Fabrizio Caroso di Sermoneta diretta dal M\u00b0 Michele Secci terr\u00e0 il \u201cConcerto di Natale\u201d.<\/p>\n<p style=\"text-align: justify;\">Tutti gli eventi sono sul sito www.comunedisermoneta.it e sono ad ingresso gratuito.<\/p>\n","protected":false},"excerpt":{"rendered":"<p>SERMONETA &#8211; Venti installazioni per le vie del paese in un percorso tutto da scoprire: dal 13 al 14 dicembre in occasione dei Mercatini di Natale a Sermoneta saranno in mostra\u00a0\u201cI presepi nel borgo\u201d. Proseguono gli eventi del Natale a Sermoneta \u2013 Inferenze d&#8217;Arte con un altro intenso weekend di manifestazioni. Sabato 13 dicembre alle [&hellip;]<\/p>\n","protected":false},"author":60,"featured_media":158665,"comment_status":"open","ping_status":"closed","sticky":false,"template":"","format":"standard","meta":{"footnotes":""},"categories":[16,15],"tags":[],"class_list":["post-158664","post","type-post","status-publish","format-standard","has-post-thumbnail","hentry","category-appuntamenti","category-cultura"],"_links":{"self":[{"href":"https:\/\/www.radioluna.it\/news\/wp-json\/wp\/v2\/posts\/158664","targetHints":{"allow":["GET"]}}],"collection":[{"href":"https:\/\/www.radioluna.it\/news\/wp-json\/wp\/v2\/posts"}],"about":[{"href":"https:\/\/www.radioluna.it\/news\/wp-json\/wp\/v2\/types\/post"}],"author":[{"embeddable":true,"href":"https:\/\/www.radioluna.it\/news\/wp-json\/wp\/v2\/users\/60"}],"replies":[{"embeddable":true,"href":"https:\/\/www.radioluna.it\/news\/wp-json\/wp\/v2\/comments?post=158664"}],"version-history":[{"count":0,"href":"https:\/\/www.radioluna.it\/news\/wp-json\/wp\/v2\/posts\/158664\/revisions"}],"wp:featuredmedia":[{"embeddable":true,"href":"https:\/\/www.radioluna.it\/news\/wp-json\/wp\/v2\/media\/158665"}],"wp:attachment":[{"href":"https:\/\/www.radioluna.it\/news\/wp-json\/wp\/v2\/media?parent=158664"}],"wp:term":[{"taxonomy":"category","embeddable":true,"href":"https:\/\/www.radioluna.it\/news\/wp-json\/wp\/v2\/categories?post=158664"},{"taxonomy":"post_tag","embeddable":true,"href":"https:\/\/www.radioluna.it\/news\/wp-json\/wp\/v2\/tags?post=158664"}],"curies":[{"name":"wp","href":"https:\/\/api.w.org\/{rel}","templated":true}]}}