{"id":159173,"date":"2014-12-24T11:42:06","date_gmt":"2014-12-24T10:42:06","guid":{"rendered":"http:\/\/www.radioluna.it\/news\/?p=159173"},"modified":"2014-12-24T11:42:06","modified_gmt":"2014-12-24T10:42:06","slug":"laboratori-didattici-per-conoscere-formia","status":"publish","type":"post","link":"https:\/\/www.radioluna.it\/news\/2014\/12\/laboratori-didattici-per-conoscere-formia\/","title":{"rendered":"Laboratori didattici per conoscere Formia"},"content":{"rendered":"<div id=\"fb-root\"><\/div>\n<p style=\"text-align: justify;\"><strong><img loading=\"lazy\" decoding=\"async\" class=\"alignleft size-medium wp-image-159174\" src=\"http:\/\/www.radioluna.it\/news\/wp-content\/uploads\/2014\/12\/Locandina-Conosciamo-28-30-02-202x300.jpg\" alt=\"Locandina Conosciamo 28-30-02\" width=\"202\" height=\"300\" srcset=\"https:\/\/www.radioluna.it\/news\/wp-content\/uploads\/2014\/12\/Locandina-Conosciamo-28-30-02-202x300.jpg 202w, https:\/\/www.radioluna.it\/news\/wp-content\/uploads\/2014\/12\/Locandina-Conosciamo-28-30-02-500x742.jpg 500w, https:\/\/www.radioluna.it\/news\/wp-content\/uploads\/2014\/12\/Locandina-Conosciamo-28-30-02-635x942.jpg 635w, https:\/\/www.radioluna.it\/news\/wp-content\/uploads\/2014\/12\/Locandina-Conosciamo-28-30-02.jpg 647w\" sizes=\"auto, (max-width: 202px) 100vw, 202px\" \/>FORMIA<\/strong> \u2013 Si chiama \u201cConosciamo Formia\u201d una serie di tre laboratori didattici per insegnare ai ragazzi la storia della citt\u00e0 rivolto a bambini e ragazzi dai 7 ai 12 anni, curato dall\u2019associazione \u201cFormia Turismo\u201d ed inserito nel calendario degli eventi natalizi promosso dall&#8217;Assessorato alla Cultura.<\/p>\n<p style=\"text-align: justify;\">IL CALENDARIO &#8211; Si inizia\u00a0domenica 28 Dicembre. L\u2019appuntamento \u00e8 al Molo Vespucci alle ore 10 con la partenza dell\u2019itinerario al borgo storico di\u00a0\u00a0Maranola. Il tour in posizione panoramica far\u00e0 scoprire ai ragazzi (accompagnati da genitori e parenti) i preziosi tesori conservati nelle chiese del borgo. La prima tappa sar\u00e0 al\u00a0Presepe in\u00a0\u00a0terracotta del XV sec. A proseguire la Cripta delle Madonne del Latte (ciclo di\u00a0\u00a0affreschi datati tra il XIV e il XV sec\u00a0\u00a0ritrovati\u00a0\u00a0casualmente nel 1997), la mostra di Pinocchio e la visita al\u00a0\u00a0vecchio frantoio dove si potr\u00e0 degustare pane e olio.<\/p>\n<p style=\"text-align: justify;\">Si continua\u00a0marted\u00ec 30 Dicembre alle ore 15.30 al Museo Archeologico Nazionale di Formia. \u00a0Il Museo costituisce l\u2019ampliamento moderno (1997) di un\u00a0precedente \u00a0Antiquarium, istituito nel 1968 per esporre una\u00a0selezione dei reperti che si andavano scoprendo nella citt\u00e0 e nel suo territorio e che, in assenza di un&#8217;apposita sede, erano stati trasferiti presso il Museo Nazionale di Napoli. In epoca pi\u00f9 recente, le collezioni sono state notevolmente arricchite con reperti provenienti da scavi urbani e da territori limitrofi a Formia, databili tra il I secolo a.C. ed il II d.C. tra cui una ricca serie di statue celebrative di membri illustri della societ\u00e0 formina e della famiglia imperiale.\u00a0Sono\u00a0 presenti anche sculture raffiguranti divinit\u00e0. Ad essi si aggiungono reperti riconducibili alla sfera funeraria e monete romane di et\u00e0 repubblicana e tardo-imperiale.\u00a0Dopo la visita al Museo, i ragazzi saranno coinvolti in un Laboratorio denominato &#8220;Facciamo cultura con i piedi\u201d, durante il quale conosceranno le antiche calzature romane e dovranno indovinare chi le indossava.<\/p>\n<p style=\"text-align: justify;\">Chiusura venerd\u00ec 2 gennaio alle ore 15,30 all\u2019Officina Culturale Falcone e Borsellino.\u00a0Il Laboratorio didattico \u201cQuel genio di Michelangelo\u201d sar\u00e0 l\u2019occasione per conoscere anche la struttura dell\u2019Officina Culturale, uno spazio centrale con 50 posti a sedere e attrezzature che favoriscono l&#8217;attivit\u00e0 di artisti e musicisti. La vita di Michelangelo \u00e8 raccontata come una storia, ed \u00e8 lui stesso a narrarcela rispondendo alle domande di un bambino che gli si presenta una notte di febbraio mentre sta scolpendo, solo e incattivito, la sua ultima opera: la Piet\u00e0 Rondanini. A tutti i Partecipanti (ragazzi e accompagnatori) verr\u00e0 consegnato il Kit del Viaggiatore. Ai ragazzi sar\u00e0 consegnato anche il materiale per i laboratori e un attestato di partecipazione.<\/p>\n<p>Per ulteriori informazioni e Prenotazioni telefonare al n.\u00a0349.5328280\u00a0o scrivere una mail a: formiaturismo@gmail.com<\/p>\n","protected":false},"excerpt":{"rendered":"<p>FORMIA \u2013 Si chiama \u201cConosciamo Formia\u201d una serie di tre laboratori didattici per insegnare ai ragazzi la storia della citt\u00e0 rivolto a bambini e ragazzi dai 7 ai 12 anni, curato dall\u2019associazione \u201cFormia Turismo\u201d ed inserito nel calendario degli eventi natalizi promosso dall&#8217;Assessorato alla Cultura. IL CALENDARIO &#8211; Si inizia\u00a0domenica 28 Dicembre. L\u2019appuntamento \u00e8 al [&hellip;]<\/p>\n","protected":false},"author":62,"featured_media":159174,"comment_status":"open","ping_status":"closed","sticky":false,"template":"","format":"standard","meta":{"footnotes":""},"categories":[16,15],"tags":[],"class_list":["post-159173","post","type-post","status-publish","format-standard","has-post-thumbnail","hentry","category-appuntamenti","category-cultura"],"_links":{"self":[{"href":"https:\/\/www.radioluna.it\/news\/wp-json\/wp\/v2\/posts\/159173","targetHints":{"allow":["GET"]}}],"collection":[{"href":"https:\/\/www.radioluna.it\/news\/wp-json\/wp\/v2\/posts"}],"about":[{"href":"https:\/\/www.radioluna.it\/news\/wp-json\/wp\/v2\/types\/post"}],"author":[{"embeddable":true,"href":"https:\/\/www.radioluna.it\/news\/wp-json\/wp\/v2\/users\/62"}],"replies":[{"embeddable":true,"href":"https:\/\/www.radioluna.it\/news\/wp-json\/wp\/v2\/comments?post=159173"}],"version-history":[{"count":0,"href":"https:\/\/www.radioluna.it\/news\/wp-json\/wp\/v2\/posts\/159173\/revisions"}],"wp:featuredmedia":[{"embeddable":true,"href":"https:\/\/www.radioluna.it\/news\/wp-json\/wp\/v2\/media\/159174"}],"wp:attachment":[{"href":"https:\/\/www.radioluna.it\/news\/wp-json\/wp\/v2\/media?parent=159173"}],"wp:term":[{"taxonomy":"category","embeddable":true,"href":"https:\/\/www.radioluna.it\/news\/wp-json\/wp\/v2\/categories?post=159173"},{"taxonomy":"post_tag","embeddable":true,"href":"https:\/\/www.radioluna.it\/news\/wp-json\/wp\/v2\/tags?post=159173"}],"curies":[{"name":"wp","href":"https:\/\/api.w.org\/{rel}","templated":true}]}}