{"id":160247,"date":"2015-01-29T10:04:41","date_gmt":"2015-01-29T09:04:41","guid":{"rendered":"http:\/\/www.radioluna.it\/news\/?p=160247"},"modified":"2015-01-30T09:59:39","modified_gmt":"2015-01-30T08:59:39","slug":"amleto-coronella-candidatura-anti-lobby","status":"publish","type":"post","link":"https:\/\/www.radioluna.it\/news\/2015\/01\/amleto-coronella-candidatura-anti-lobby\/","title":{"rendered":"Amleto Coronella, candidatura anti-lobby"},"content":{"rendered":"<div id=\"fb-root\"><\/div>\n<div id=\"attachment_160248\" style=\"width: 188px\" class=\"wp-caption alignleft\"><img loading=\"lazy\" decoding=\"async\" aria-describedby=\"caption-attachment-160248\" class=\"size-full wp-image-160248\" src=\"http:\/\/www.radioluna.it\/news\/wp-content\/uploads\/2015\/01\/amleto-coronella.jpg\" alt=\"L'avvocato Amleto Coronella\" width=\"178\" height=\"200\" \/><p id=\"caption-attachment-160248\" class=\"wp-caption-text\">L&#8217;avvocato Amleto Coronella<\/p><\/div>\n<p style=\"text-align: justify;\"><strong>LATINA<\/strong> &#8211; &#8220;Il mio intento \u00e8 di dare una svolta a tutto ci\u00f2 che c&#8217;\u00e8 di stantio all&#8217;interno dell&#8217;avvocatura latinense e in particolar modo all&#8217;Ordine che dovrebbe rappresentare, nonch\u00e9 tutelare tutti gli iscritti, dai pi\u00f9 giovani ai pi\u00f9 anziani e, non solo coloro che fanno parte dell&#8217;entourage o della cerchia ristretta di amici e parenti di quei pochi eletti&#8221;. Parola di Amleto Coronella, l&#8217;avvocato di Latina che ha deciso \u00a0di scendere in campo e candidarsi alla presidenza dell&#8217;ordine forense pontino da solo. Si batter\u00e0 contro le liste capitanate dai colleghi Gianni Lauretti \u00a0e Dino Lucchetti<\/p>\n<p style=\"text-align: justify;\">&#8220;Il mio programma \u00a0&#8211; spiega in una nota &#8211; consiste nel far sottoscrivere a tutti gli eletti al Consiglio dell&#8217;Ordine:<\/p>\n<p style=\"text-align: justify;\">1) Una dichiarazione d&#8217;impegno per l&#8217;eletto e i Suoi collaboratori (avvocati di studio,amici e parenti) di rinuncia ad incarichi che provengano da pubbliche amministrazioni e da enti;<\/p>\n<p style=\"text-align: justify;\">2) Corsi di aggiornamento continui e periodici per l&#8217;apprendimento di nuove regole del processo che il legislatore sta imponendo a tutti gli operatori del diritto sia in materia civile che penale.<\/p>\n<p style=\"text-align: justify;\">3) Creazione di commissioni che dovranno vigilare sul rispetto degli orari delle udienze tenute dai giudici e delle disfunzioni delle cancellerie per poi relazionare all&#8217;Ordine per opportuni interventi di concerto con il presidente del Tribunale.<\/p>\n<p style=\"text-align: justify;\">4) Apertura degli spazi assegnati all&#8217;ordine a tutti gli iscritti del Foro e avvocati esterni con possibilit\u00e0 di consultazione della biblioteca giuridica ubicata all&#8217;interno dell&#8217;Ordine, creazione di tavoli di studio e spazi conviviali<\/p>\n<p style=\"text-align: justify;\">5)portare a conoscenza di tutti gli iscritti bilanci e conti economici dell&#8217;Ordine.<\/p>\n<p style=\"text-align: justify;\">6)comunicazione obbligatoria a tutti gli iscritti di tutte le spese preventivate dall&#8217;Ordine, con richiesta di parere consultivo.<\/p>\n<p style=\"text-align: justify;\">Coronella invita i candidati un confronto pubblico per \u00a0discutere di programmi e presentarsi anche agli elettori distratti.<\/p>\n<div class=\"radio-posizionamento-telefono-in-articoli-dopo-il-contenuto-articolo radio-entity-placement\" id=\"radio-640879897\"><div id=\"radio-4057873327\"><a href=\"https:\/\/www.simeoneceramiche.com\/\" aria-label=\"SIMEONE CERAMICHE GIF animata per radioluna_Tavola disegno 1 copia 2 (online-video-cutter.com)\"><img loading=\"lazy\" decoding=\"async\" src=\"https:\/\/www.radioluna.it\/news\/wp-content\/uploads\/2025\/05\/SIMEONE-CERAMICHE-GIF-animata-per-radioluna_Tavola-disegno-1-copia-2-online-video-cutter.com_.gif\" alt=\"\"  width=\"300\" height=\"250\"   \/><\/a><\/div><\/div>","protected":false},"excerpt":{"rendered":"<p>LATINA &#8211; &#8220;Il mio intento \u00e8 di dare una svolta a tutto ci\u00f2 che c&#8217;\u00e8 di stantio all&#8217;interno dell&#8217;avvocatura latinense e in particolar modo all&#8217;Ordine che dovrebbe rappresentare, nonch\u00e9 tutelare tutti gli iscritti, dai pi\u00f9 giovani ai pi\u00f9 anziani e, non solo coloro che fanno parte dell&#8217;entourage o della cerchia ristretta di amici e parenti [&hellip;]<\/p>\n","protected":false},"author":62,"featured_media":160248,"comment_status":"open","ping_status":"closed","sticky":false,"template":"","format":"standard","meta":{"footnotes":""},"categories":[7],"tags":[],"class_list":["post-160247","post","type-post","status-publish","format-standard","has-post-thumbnail","hentry","category-cronaca"],"_links":{"self":[{"href":"https:\/\/www.radioluna.it\/news\/wp-json\/wp\/v2\/posts\/160247","targetHints":{"allow":["GET"]}}],"collection":[{"href":"https:\/\/www.radioluna.it\/news\/wp-json\/wp\/v2\/posts"}],"about":[{"href":"https:\/\/www.radioluna.it\/news\/wp-json\/wp\/v2\/types\/post"}],"author":[{"embeddable":true,"href":"https:\/\/www.radioluna.it\/news\/wp-json\/wp\/v2\/users\/62"}],"replies":[{"embeddable":true,"href":"https:\/\/www.radioluna.it\/news\/wp-json\/wp\/v2\/comments?post=160247"}],"version-history":[{"count":0,"href":"https:\/\/www.radioluna.it\/news\/wp-json\/wp\/v2\/posts\/160247\/revisions"}],"wp:featuredmedia":[{"embeddable":true,"href":"https:\/\/www.radioluna.it\/news\/wp-json\/wp\/v2\/media\/160248"}],"wp:attachment":[{"href":"https:\/\/www.radioluna.it\/news\/wp-json\/wp\/v2\/media?parent=160247"}],"wp:term":[{"taxonomy":"category","embeddable":true,"href":"https:\/\/www.radioluna.it\/news\/wp-json\/wp\/v2\/categories?post=160247"},{"taxonomy":"post_tag","embeddable":true,"href":"https:\/\/www.radioluna.it\/news\/wp-json\/wp\/v2\/tags?post=160247"}],"curies":[{"name":"wp","href":"https:\/\/api.w.org\/{rel}","templated":true}]}}