{"id":160334,"date":"2015-01-30T19:44:44","date_gmt":"2015-01-30T18:44:44","guid":{"rendered":"http:\/\/www.radioluna.it\/news\/?p=160334"},"modified":"2015-01-31T10:40:26","modified_gmt":"2015-01-31T09:40:26","slug":"maltempo-rischio-neve-nelle-prossime-ore-a-partire-dai-500mt","status":"publish","type":"post","link":"https:\/\/www.radioluna.it\/news\/2015\/01\/maltempo-rischio-neve-nelle-prossime-ore-a-partire-dai-500mt\/","title":{"rendered":"Maltempo, rischio neve e vento forte nelle prossime ore"},"content":{"rendered":"<div id=\"fb-root\"><\/div>\n<p style=\"text-align: justify;\"><img loading=\"lazy\" decoding=\"async\" class=\"alignleft wp-image-127289 size-thumbnail\" src=\"http:\/\/www.radioluna.it\/news\/wp-content\/uploads\/2012\/10\/neve-150x150.jpg\" alt=\"neve\" width=\"150\" height=\"150\" srcset=\"https:\/\/www.radioluna.it\/news\/wp-content\/uploads\/2012\/10\/neve-150x150.jpg 150w, https:\/\/www.radioluna.it\/news\/wp-content\/uploads\/2012\/10\/neve-300x300.jpg 300w, https:\/\/www.radioluna.it\/news\/wp-content\/uploads\/2012\/10\/neve-50x50.jpg 50w, https:\/\/www.radioluna.it\/news\/wp-content\/uploads\/2012\/10\/neve-80x80.jpg 80w\" sizes=\"auto, (max-width: 150px) 100vw, 150px\" \/>LATINA &#8211; Sale ad arancione il livello di allerta maltempo per Latina. A preoccupare \u00e8 soprattutto il vento che rinforzer\u00e0 con raffiche che potranno raggiungere una velocit\u00e0 tra i 75 e i 100 kmh. Interrotti ieri i collegamenti con le isole pontine per tutta la giornata di ieri e \u00a0oggi partiranno solo le navi e non gli aliscafi da e per Ponza e Ventotene.<\/p>\n<p style=\"text-align: justify;\">E ora, il nuovo bollettino meteo del dipartimento di protezione civile annuncia \u00a0per \u00a0le prossime ore, nevicate sui rilievi a partire dai 500 metri.<\/p>\n<p style=\"text-align: justify;\">Ieri il maltempo ha creato problemi anche alla circolazione ferroviaria fra Pomezia e Torricola, lungo la Roma-<span class=\"highlight\">Formia<\/span>\u00a0e la Roma-Nettuno &#8211; rallentata dalle 15.30 alle 16.30 per la caduta di un albero sulla sede ferroviaria, provocata dal forte vento. Per consentire i lavori i treni hanno viaggiato su un solo binario e due regionali sono stati limitati a Campoleone. Ripercussioni anche per altri 10 treni &#8211; nove Regionali e un Intercity &#8211; con rallentamenti, rispettivamente, fra 15 e 40 minuti e di 80 minuti.<\/p>\n<p style=\"text-align: justify;\">LEGGI<\/p>\n<p><a href=\"http:\/\/www.radioluna.it\/news\/wp-content\/uploads\/2015\/01\/AVVISO-2015.01.30-new-1.pdf\">AVVISO 2015.01.30 new-1<\/a><\/p>\n","protected":false},"excerpt":{"rendered":"<p>LATINA &#8211; Sale ad arancione il livello di allerta maltempo per Latina. A preoccupare \u00e8 soprattutto il vento che rinforzer\u00e0 con raffiche che potranno raggiungere una velocit\u00e0 tra i 75 e i 100 kmh. Interrotti ieri i collegamenti con le isole pontine per tutta la giornata di ieri e \u00a0oggi partiranno solo le navi e [&hellip;]<\/p>\n","protected":false},"author":62,"featured_media":127289,"comment_status":"open","ping_status":"closed","sticky":false,"template":"","format":"standard","meta":{"footnotes":""},"categories":[7],"tags":[],"class_list":["post-160334","post","type-post","status-publish","format-standard","has-post-thumbnail","hentry","category-cronaca"],"_links":{"self":[{"href":"https:\/\/www.radioluna.it\/news\/wp-json\/wp\/v2\/posts\/160334","targetHints":{"allow":["GET"]}}],"collection":[{"href":"https:\/\/www.radioluna.it\/news\/wp-json\/wp\/v2\/posts"}],"about":[{"href":"https:\/\/www.radioluna.it\/news\/wp-json\/wp\/v2\/types\/post"}],"author":[{"embeddable":true,"href":"https:\/\/www.radioluna.it\/news\/wp-json\/wp\/v2\/users\/62"}],"replies":[{"embeddable":true,"href":"https:\/\/www.radioluna.it\/news\/wp-json\/wp\/v2\/comments?post=160334"}],"version-history":[{"count":0,"href":"https:\/\/www.radioluna.it\/news\/wp-json\/wp\/v2\/posts\/160334\/revisions"}],"wp:featuredmedia":[{"embeddable":true,"href":"https:\/\/www.radioluna.it\/news\/wp-json\/wp\/v2\/media\/127289"}],"wp:attachment":[{"href":"https:\/\/www.radioluna.it\/news\/wp-json\/wp\/v2\/media?parent=160334"}],"wp:term":[{"taxonomy":"category","embeddable":true,"href":"https:\/\/www.radioluna.it\/news\/wp-json\/wp\/v2\/categories?post=160334"},{"taxonomy":"post_tag","embeddable":true,"href":"https:\/\/www.radioluna.it\/news\/wp-json\/wp\/v2\/tags?post=160334"}],"curies":[{"name":"wp","href":"https:\/\/api.w.org\/{rel}","templated":true}]}}