{"id":160351,"date":"2015-01-31T10:50:25","date_gmt":"2015-01-31T09:50:25","guid":{"rendered":"http:\/\/www.radioluna.it\/news\/?p=160351"},"modified":"2015-02-02T09:48:32","modified_gmt":"2015-02-02T08:48:32","slug":"alessandro-panigutti-lascia-la-direzione-del-quotidiano-latina","status":"publish","type":"post","link":"https:\/\/www.radioluna.it\/news\/2015\/01\/alessandro-panigutti-lascia-la-direzione-del-quotidiano-latina\/","title":{"rendered":"Alessandro Panigutti lascia la direzione del Quotidiano Latina"},"content":{"rendered":"<div id=\"fb-root\"><\/div>\n<div id=\"attachment_160378\" style=\"width: 310px\" class=\"wp-caption alignleft\"><img loading=\"lazy\" decoding=\"async\" aria-describedby=\"caption-attachment-160378\" class=\"size-medium wp-image-160378\" src=\"http:\/\/www.radioluna.it\/news\/wp-content\/uploads\/2015\/01\/panigutti-300x159.jpg\" alt=\"Il direttore de &quot;Il Quotidiano di Latina&quot; Alessandro Panigutti EdeDPHOTOS\/Enrico de Divitiis\/EdeD www.provincialista.it\" width=\"300\" height=\"159\" \/><p id=\"caption-attachment-160378\" class=\"wp-caption-text\">Il direttore de &#8220;Il Quotidiano di Latina&#8221; Alessandro Panigutti EdeDPHOTOS\/Enrico de Divitiis\/EdeD www.provincialista.it<\/p><\/div>\n<p style=\"text-align: justify;\"><strong>LATINA<\/strong> &#8211; Si \u00e8 dimesso il direttore del Quotidiano Latina Alessandro Panigutti gi\u00e0 direttore di Latina Oggi dal 2007. Ha rassegnato venerd\u00ec le dimissioni nelle mani dell&#8217;amministratore della Qap la societ\u00e0 che edita il quotidiano. La notizia \u00e8 stata affidata ad una colonna pubblicata sul giornale dai colleghi.<\/p>\n<p style=\"text-align: justify;\">Forti attriti con l&#8217;editore che riguarderebbero anche il pagamento dei compensi a redattori e poligrafici sarebbero alla base della decisione del giornalista, tra i pi\u00f9 apprezzati per la sua professionalit\u00e0 in provincia di Latina.<\/p>\n<p style=\"text-align: justify;\">La testata nominer\u00e0 oggi il successore.<\/p>\n","protected":false},"excerpt":{"rendered":"<p>LATINA &#8211; Si \u00e8 dimesso il direttore del Quotidiano Latina Alessandro Panigutti gi\u00e0 direttore di Latina Oggi dal 2007. Ha rassegnato venerd\u00ec le dimissioni nelle mani dell&#8217;amministratore della Qap la societ\u00e0 che edita il quotidiano. La notizia \u00e8 stata affidata ad una colonna pubblicata sul giornale dai colleghi. Forti attriti con l&#8217;editore che riguarderebbero anche [&hellip;]<\/p>\n","protected":false},"author":62,"featured_media":160378,"comment_status":"open","ping_status":"closed","sticky":false,"template":"","format":"standard","meta":{"footnotes":""},"categories":[7],"tags":[],"class_list":["post-160351","post","type-post","status-publish","format-standard","has-post-thumbnail","hentry","category-cronaca"],"_links":{"self":[{"href":"https:\/\/www.radioluna.it\/news\/wp-json\/wp\/v2\/posts\/160351","targetHints":{"allow":["GET"]}}],"collection":[{"href":"https:\/\/www.radioluna.it\/news\/wp-json\/wp\/v2\/posts"}],"about":[{"href":"https:\/\/www.radioluna.it\/news\/wp-json\/wp\/v2\/types\/post"}],"author":[{"embeddable":true,"href":"https:\/\/www.radioluna.it\/news\/wp-json\/wp\/v2\/users\/62"}],"replies":[{"embeddable":true,"href":"https:\/\/www.radioluna.it\/news\/wp-json\/wp\/v2\/comments?post=160351"}],"version-history":[{"count":0,"href":"https:\/\/www.radioluna.it\/news\/wp-json\/wp\/v2\/posts\/160351\/revisions"}],"wp:featuredmedia":[{"embeddable":true,"href":"https:\/\/www.radioluna.it\/news\/wp-json\/wp\/v2\/media\/160378"}],"wp:attachment":[{"href":"https:\/\/www.radioluna.it\/news\/wp-json\/wp\/v2\/media?parent=160351"}],"wp:term":[{"taxonomy":"category","embeddable":true,"href":"https:\/\/www.radioluna.it\/news\/wp-json\/wp\/v2\/categories?post=160351"},{"taxonomy":"post_tag","embeddable":true,"href":"https:\/\/www.radioluna.it\/news\/wp-json\/wp\/v2\/tags?post=160351"}],"curies":[{"name":"wp","href":"https:\/\/api.w.org\/{rel}","templated":true}]}}