{"id":160499,"date":"2015-02-04T18:55:50","date_gmt":"2015-02-04T17:55:50","guid":{"rendered":"http:\/\/www.radioluna.it\/news\/?p=160499"},"modified":"2015-02-06T08:00:58","modified_gmt":"2015-02-06T07:00:58","slug":"flash-avvocato-lauretti-in-vantaggio-su-lucchetti","status":"publish","type":"post","link":"https:\/\/www.radioluna.it\/news\/2015\/02\/flash-avvocato-lauretti-in-vantaggio-su-lucchetti\/","title":{"rendered":"Avvocati al voto, vince Gianni Lauretti"},"content":{"rendered":"<div id=\"fb-root\"><\/div>\n<p style=\"text-align: justify;\"><img loading=\"lazy\" decoding=\"async\" class=\"alignleft size-thumbnail wp-image-160503\" src=\"http:\/\/www.radioluna.it\/news\/wp-content\/uploads\/2015\/02\/PICT1601-635x476.jpg\" alt=\"PICT1601\" width=\"635\" height=\"476\" srcset=\"https:\/\/www.radioluna.it\/news\/wp-content\/uploads\/2015\/02\/PICT1601-635x476.jpg 635w, https:\/\/www.radioluna.it\/news\/wp-content\/uploads\/2015\/02\/PICT1601-768x576.jpg 768w, https:\/\/www.radioluna.it\/news\/wp-content\/uploads\/2015\/02\/PICT1601-500x375.jpg 500w, https:\/\/www.radioluna.it\/news\/wp-content\/uploads\/2015\/02\/PICT1601-300x225.jpg 300w, https:\/\/www.radioluna.it\/news\/wp-content\/uploads\/2015\/02\/PICT1601-1024x768.jpg 1024w, https:\/\/www.radioluna.it\/news\/wp-content\/uploads\/2015\/02\/PICT1601-800x600.jpg 800w, https:\/\/www.radioluna.it\/news\/wp-content\/uploads\/2015\/02\/PICT1601.jpg 1000w\" sizes=\"auto, (max-width: 635px) 100vw, 635px\" \/><\/p>\n<p style=\"text-align: justify;\"><strong>LATINA &#8211;<\/strong>\u00a0Giovanni Gianni Lauretti (nella foto) \u00e8 il nuovo presidente del Consiglio dell&#8217;Ordine degli Avvocati di Latina la sua lista Avvocatura Unita entra nel Consiglio dell&#8217;Ordine e ha battuto la lista Insieme per il Rinnovamento capeggiata da Dino Lucchetti. Lo spoglio \u00e8 finito pochi minuti fa. Festa grande per Lauretti nell&#8217;aula della Corte d&#8217;Assise di Latina accolto da un applauso. &lt;E&#8217; stato premiato il gioco di squadra &#8211; ha detto &#8211; e siamo stati legittimati dal Foro, adesso ci aspettano quattro anni di lavoro ma posso contare su dei colleghi preparati e capaci e dai giovani mi aspetto molto&gt;. Sono stati 1304 gli avvocati che hanno votato, la pi\u00f9 alta affluenza di sempre. Ha ottenuto un consenso personale importante anche Dino Lucchetti che per\u00f2 non \u00e8 riuscito ad entrare nel Consiglio. Ecco gli eletti: \u00a0oltre a Gianni Lauretti anche Piergiorgio Avvisati, Antonella Ciccarese, Francesca Coluzzi, Pietro de Angelis, Angelo Farau, Antonio Fargiorgio, Anna Maria Giannantonio, Maria Iannetti, Aldo Panico, Umberto Salvatori, Maria Cristina Sepe, Alfredo Soldera, Patrizia Soscia e Francesco Vasaturo.<\/p>\n<div class=\"radio-posizionamento-telefono-in-articoli-dopo-il-contenuto-articolo radio-entity-placement\" id=\"radio-3645444553\"><div id=\"radio-4115144066\" style=\"width: 300px;height: 250px;\"><a href=\"https:\/\/www.icarspa.it\/auto\/usate\/latina\/\" aria-label=\"banner aprile icar new life &#8211; auto usate latina\"><img loading=\"lazy\" decoding=\"async\" src=\"https:\/\/www.radioluna.it\/news\/wp-content\/uploads\/2026\/02\/banner-aprile-icar-new-life-auto-usate-latina.gif\" alt=\"\"  width=\"300\" height=\"250\"   \/><\/a><\/div><\/div>","protected":false},"excerpt":{"rendered":"<p>LATINA &#8211;\u00a0Giovanni Gianni Lauretti (nella foto) \u00e8 il nuovo presidente del Consiglio dell&#8217;Ordine degli Avvocati di Latina la sua lista Avvocatura Unita entra nel Consiglio dell&#8217;Ordine e ha battuto la lista Insieme per il Rinnovamento capeggiata da Dino Lucchetti. Lo spoglio \u00e8 finito pochi minuti fa. Festa grande per Lauretti nell&#8217;aula della Corte d&#8217;Assise di [&hellip;]<\/p>\n","protected":false},"author":60,"featured_media":160444,"comment_status":"open","ping_status":"closed","sticky":false,"template":"","format":"standard","meta":{"footnotes":""},"categories":[7],"tags":[],"class_list":["post-160499","post","type-post","status-publish","format-standard","has-post-thumbnail","hentry","category-cronaca"],"_links":{"self":[{"href":"https:\/\/www.radioluna.it\/news\/wp-json\/wp\/v2\/posts\/160499","targetHints":{"allow":["GET"]}}],"collection":[{"href":"https:\/\/www.radioluna.it\/news\/wp-json\/wp\/v2\/posts"}],"about":[{"href":"https:\/\/www.radioluna.it\/news\/wp-json\/wp\/v2\/types\/post"}],"author":[{"embeddable":true,"href":"https:\/\/www.radioluna.it\/news\/wp-json\/wp\/v2\/users\/60"}],"replies":[{"embeddable":true,"href":"https:\/\/www.radioluna.it\/news\/wp-json\/wp\/v2\/comments?post=160499"}],"version-history":[{"count":0,"href":"https:\/\/www.radioluna.it\/news\/wp-json\/wp\/v2\/posts\/160499\/revisions"}],"wp:featuredmedia":[{"embeddable":true,"href":"https:\/\/www.radioluna.it\/news\/wp-json\/wp\/v2\/media\/160444"}],"wp:attachment":[{"href":"https:\/\/www.radioluna.it\/news\/wp-json\/wp\/v2\/media?parent=160499"}],"wp:term":[{"taxonomy":"category","embeddable":true,"href":"https:\/\/www.radioluna.it\/news\/wp-json\/wp\/v2\/categories?post=160499"},{"taxonomy":"post_tag","embeddable":true,"href":"https:\/\/www.radioluna.it\/news\/wp-json\/wp\/v2\/tags?post=160499"}],"curies":[{"name":"wp","href":"https:\/\/api.w.org\/{rel}","templated":true}]}}