{"id":160554,"date":"2015-02-05T18:13:18","date_gmt":"2015-02-05T17:13:18","guid":{"rendered":"http:\/\/www.radioluna.it\/news\/?p=160554"},"modified":"2015-02-07T07:21:38","modified_gmt":"2015-02-07T06:21:38","slug":"immobili-comunali-pubblicato-il-bando-per-la-concessione-a-soggetti-senza-senza-scopo-di-lucro","status":"publish","type":"post","link":"https:\/\/www.radioluna.it\/news\/2015\/02\/immobili-comunali-pubblicato-il-bando-per-la-concessione-a-soggetti-senza-senza-scopo-di-lucro\/","title":{"rendered":"Immobili comunali, bando per la concessione a soggetti senza scopo di lucro"},"content":{"rendered":"<div id=\"fb-root\"><\/div>\n<p style=\"text-align: justify;\"><strong><img loading=\"lazy\" decoding=\"async\" class=\"alignleft size-medium wp-image-155682\" src=\"http:\/\/www.radioluna.it\/news\/wp-content\/uploads\/2014\/09\/ingresso-comune-225x300.jpg\" alt=\"ingresso comune\" width=\"225\" height=\"300\" srcset=\"https:\/\/www.radioluna.it\/news\/wp-content\/uploads\/2014\/09\/ingresso-comune-225x300.jpg 225w, https:\/\/www.radioluna.it\/news\/wp-content\/uploads\/2014\/09\/ingresso-comune.jpg 375w\" sizes=\"auto, (max-width: 225px) 100vw, 225px\" \/>LATINA &#8211;<\/strong> Immobili comunali a disposizione delle associazioni per attivit\u00e0 di carattere culturale e sociale. Il Comune di Latina ha pubblicato l\u2019atteso bando che definisce le procedure per la presentazione delle domande relative alla concessione di n\u00b014 immobili di propriet\u00e0 comunale, destinati ad associazioni ed enti senza scopi di lucro per l\u2019organizzazione e lo svolgimento delle attivit\u00e0 istituzionalmente previste dai relativi statuti.<br \/>\nObiettivo del\u2019Amministrazione Comunale \u00e8 promuovere la valorizzazione degli immobili comunali non utilizzati, alcuni dei quali versano in situazione di degrado e richiedono interventi di ristrutturazione e manutenzione straordinaria che in questo momento l\u2019amministrazione non \u00e8 in grado di sostenere, destinandoli alle Associazioni e\/o Enti del \u201cTerzo settore\u201d per la promozione di progettualit\u00e0 capaci di attivare processi virtuosi di sviluppo culturale, sociale ed economico per l\u2019intera citt\u00e0 e nello stesso tempo, necessari a garantire con urgenza la conservazione del Patrimonio comunale.<br \/>\nAttraverso lo strumento della concessione del patrimonio immobiliare indisponibile si punta ad ottenere il recupero di alcuni immobili inutilizzati, assegnandoli alle associazioni ed enti senza scopo di lucro a fronte della selezione di proposte progettuali di interesse pubblico che contengano sia il piano delle attivit\u00e0 che l\u2019eventuale piano di riutilizzazione\/ristrutturazione dell\u2019immobile.<br \/>\nAltra finalit\u00e0 del bando \u00e8 quella di favorire e promuovere la ricerca di \u201csedi comuni\u201d per pi\u00f9 associazioni con lo scopo di :<br \/>\n&#8211; ottimizzare l\u2019uso degli spazi disponibili, sfruttando al meglio le caratteristiche degli immobili assegnati, condividendo altres\u00ec le spese gestionali;<br \/>\n&#8211; favorire l\u2019aggregazione di associazioni aventi finalit\u00e0 analoghe e condivise e la cui convivenza possa essere di ulteriore incentivo per la loro collaborazione.<\/p>\n<p style=\"text-align: justify;\">Gli immobili o parti di essi per i quali \u00e8 possibile presentare la domanda di partecipazione, sono indicati nel bando che contiene la descrizione dettagliata degli stessi e il relativo canone concessorio.<br \/>\nLa durata della concessione \u00e8 di 6 anni a decorrere dalla data di sottoscrizione del contratto, per gli immobili che non richiedono interventi di ristrutturazione, e non \u00e8 prevista la possibilit\u00e0 di rinnovo.<br \/>\nPer gli immobili che versano in stato di degrado e richiedono interventi di ristrutturazione, la durata sar\u00e0 commisurata al costo degli investimenti posti a carico del concessionario che si impegni al recupero e\/o al restauro degli immobili ai sensi dell\u2019art. 58 della Legge 133\/2008 e comunque non potr\u00e0 essere superiore ad anni 19.<\/p>\n<p style=\"text-align: justify;\">I soggetti interessati possono presentare domanda, nelle modalit\u00e0 previste dal bando, entro il 20 aprile 2015.<\/p>\n<p style=\"text-align: justify;\">\u201cSi tratta di un atto importante che apre la valorizzazione degli immobili comunali ma anche la collaborazione tra Comune e privati per una azione integrata sul territorio \u2013 afferma il sindaco Giovanni Di Giorgi \u2013 Grazie a questa opportunit\u00e0 offerta alle associazioni ai vari soggetti ammessi, si potr\u00e0 aumentare anche la qualit\u00e0 dei servizi sociali e culturali nelle varie zone dove insistono gli immobili oggetto del bando. Naturalmente la concessione verr\u00e0 data a quei soggetti che presentano determinati requisiti, tra cui principalmente la mancanza di scopo di lucro. Ritengo che per un territorio vasto e articolato come il nostro sia essenziale poter avere dei punti di aggregazione e di socialit\u00e0 a carattere pubblico, gestiti con i criteri della massima trasparenza e rispetto delle regole. Ringrazio l\u2019assessore Laura Francalancia, gli uffici comunali, coordinati dalla dirigente Elena Lusena, e la Commissione consiliare bilancio e patrimonio per aver licenziato questo bando chiesto atteso da tanti cittadini e associazioni\u201d.<\/p>\n","protected":false},"excerpt":{"rendered":"<p>LATINA &#8211; Immobili comunali a disposizione delle associazioni per attivit\u00e0 di carattere culturale e sociale. Il Comune di Latina ha pubblicato l\u2019atteso bando che definisce le procedure per la presentazione delle domande relative alla concessione di n\u00b014 immobili di propriet\u00e0 comunale, destinati ad associazioni ed enti senza scopi di lucro per l\u2019organizzazione e lo svolgimento [&hellip;]<\/p>\n","protected":false},"author":60,"featured_media":155682,"comment_status":"open","ping_status":"closed","sticky":false,"template":"","format":"standard","meta":{"footnotes":""},"categories":[7],"tags":[],"class_list":["post-160554","post","type-post","status-publish","format-standard","has-post-thumbnail","hentry","category-cronaca"],"_links":{"self":[{"href":"https:\/\/www.radioluna.it\/news\/wp-json\/wp\/v2\/posts\/160554","targetHints":{"allow":["GET"]}}],"collection":[{"href":"https:\/\/www.radioluna.it\/news\/wp-json\/wp\/v2\/posts"}],"about":[{"href":"https:\/\/www.radioluna.it\/news\/wp-json\/wp\/v2\/types\/post"}],"author":[{"embeddable":true,"href":"https:\/\/www.radioluna.it\/news\/wp-json\/wp\/v2\/users\/60"}],"replies":[{"embeddable":true,"href":"https:\/\/www.radioluna.it\/news\/wp-json\/wp\/v2\/comments?post=160554"}],"version-history":[{"count":0,"href":"https:\/\/www.radioluna.it\/news\/wp-json\/wp\/v2\/posts\/160554\/revisions"}],"wp:featuredmedia":[{"embeddable":true,"href":"https:\/\/www.radioluna.it\/news\/wp-json\/wp\/v2\/media\/155682"}],"wp:attachment":[{"href":"https:\/\/www.radioluna.it\/news\/wp-json\/wp\/v2\/media?parent=160554"}],"wp:term":[{"taxonomy":"category","embeddable":true,"href":"https:\/\/www.radioluna.it\/news\/wp-json\/wp\/v2\/categories?post=160554"},{"taxonomy":"post_tag","embeddable":true,"href":"https:\/\/www.radioluna.it\/news\/wp-json\/wp\/v2\/tags?post=160554"}],"curies":[{"name":"wp","href":"https:\/\/api.w.org\/{rel}","templated":true}]}}