{"id":160662,"date":"2015-02-09T13:47:50","date_gmt":"2015-02-09T12:47:50","guid":{"rendered":"http:\/\/www.radioluna.it\/news\/?p=160662"},"modified":"2015-02-10T18:44:14","modified_gmt":"2015-02-10T17:44:14","slug":"meglio-fare-linfermiera-ivana-simeoni-e-gli-altri-cinquestelle-pontini-attendono-il-congedo","status":"publish","type":"post","link":"https:\/\/www.radioluna.it\/news\/2015\/02\/meglio-fare-linfermiera-ivana-simeoni-e-gli-altri-cinquestelle-pontini-attendono-il-congedo\/","title":{"rendered":"&#8220;Meglio fare l&#8217;infermiera&#8221;. Ivana Simeoni e gli altri Cinquestelle pontini attendono il congedo"},"content":{"rendered":"<div id=\"fb-root\"><\/div>\n<div id=\"attachment_160671\" style=\"width: 645px\" class=\"wp-caption aligncenter\"><img loading=\"lazy\" decoding=\"async\" aria-describedby=\"caption-attachment-160671\" class=\"size-thumbnail wp-image-160671\" src=\"http:\/\/www.radioluna.it\/news\/wp-content\/uploads\/2015\/02\/i-tre-635x476.jpg\" alt=\"da sinistra Vacciano, Simeoni e Iannuzzi (foto da Fb)\" width=\"635\" height=\"476\" srcset=\"https:\/\/www.radioluna.it\/news\/wp-content\/uploads\/2015\/02\/i-tre-635x476.jpg 635w, https:\/\/www.radioluna.it\/news\/wp-content\/uploads\/2015\/02\/i-tre-300x225.jpg 300w, https:\/\/www.radioluna.it\/news\/wp-content\/uploads\/2015\/02\/i-tre-800x600.jpg 800w, https:\/\/www.radioluna.it\/news\/wp-content\/uploads\/2015\/02\/i-tre.jpg 960w\" sizes=\"auto, (max-width: 635px) 100vw, 635px\" \/><p id=\"caption-attachment-160671\" class=\"wp-caption-text\">da sinistra Vacciano, Simeoni e Iannuzzi (foto da Fb)<\/p><\/div>\n<p style=\"text-align: justify;\"><strong>LATINA<\/strong> &#8211; &#8220;Era meglio rimanere a fare l&#8217;infermiera&#8221;. Lo ha dichiarato Ivana Simeoni, la senatrice di Latina del Movimento 5 Stelle che con il figlio, il deputato Cristian Iannuzzi, e l&#8217;altro collega di Latina, Giuseppe Vacciano si sono dimessi lo scorso 14 dicembre. I tre restano in attesa che l&#8217;Aula li &#8220;congedi&#8221; dal loro ruolo di parlamentari (accolgiendo le dimissioni) e di tornare a fare il mestiere di prima. Il dissenso con i grillini \u00e8 insanabile e il disagio espresso pi\u00f9 volte dai tre pontini ( e da molti altri eletti) non ha trovato nessun ascolto all&#8217;interno del movimento tanto da far decidere per l&#8217;atto estremo, quello di abbandonare la carica.<\/p>\n<p style=\"text-align: justify;\">Ma non sar\u00e0 cos\u00ec facile lasciare Montecitorio o Palazzo Madama. L&#8217;iter \u00e8 complesso e l&#8217;Aula fino ad ora ha sempre respinto le dimissioni (tranne nei casi di incompatibilit\u00e0) una regola da sempre adottata per tutelare la libert\u00e0 degli eletti ed evitare che siano costretti alle dimissioni.<\/p>\n<p style=\"text-align: justify;\">\u00abSono partita con dei principi, quelli che condividevamo in molti tra i 5 Stelle, ma non ho avuto riscontri. Volevo contribuire a\u00a0costruire una giustizia sociale per i cittadini ma l\u00ec trionfano le lobby ed \u00e8 impossibile riuscire a ottenere risultati\u00bb, ha dichiarato al quotidiano Il Tempo Simeoni. Lo stesso per il collega Vacciano, che sogna di tornare a lavorare in Banca D&#8217;Italia: &#8220;Ormai questa per me \u00e8 una gabbia dorata, restituisco il mandato a chi rappresenta ancora il M5S &#8220;, \u00a0spiega anche lui al Tempo.<\/p>\n","protected":false},"excerpt":{"rendered":"<p>LATINA &#8211; &#8220;Era meglio rimanere a fare l&#8217;infermiera&#8221;. Lo ha dichiarato Ivana Simeoni, la senatrice di Latina del Movimento 5 Stelle che con il figlio, il deputato Cristian Iannuzzi, e l&#8217;altro collega di Latina, Giuseppe Vacciano si sono dimessi lo scorso 14 dicembre. I tre restano in attesa che l&#8217;Aula li &#8220;congedi&#8221; dal loro ruolo [&hellip;]<\/p>\n","protected":false},"author":62,"featured_media":160671,"comment_status":"open","ping_status":"closed","sticky":false,"template":"","format":"standard","meta":{"footnotes":""},"categories":[8],"tags":[],"class_list":["post-160662","post","type-post","status-publish","format-standard","has-post-thumbnail","hentry","category-politica"],"_links":{"self":[{"href":"https:\/\/www.radioluna.it\/news\/wp-json\/wp\/v2\/posts\/160662","targetHints":{"allow":["GET"]}}],"collection":[{"href":"https:\/\/www.radioluna.it\/news\/wp-json\/wp\/v2\/posts"}],"about":[{"href":"https:\/\/www.radioluna.it\/news\/wp-json\/wp\/v2\/types\/post"}],"author":[{"embeddable":true,"href":"https:\/\/www.radioluna.it\/news\/wp-json\/wp\/v2\/users\/62"}],"replies":[{"embeddable":true,"href":"https:\/\/www.radioluna.it\/news\/wp-json\/wp\/v2\/comments?post=160662"}],"version-history":[{"count":0,"href":"https:\/\/www.radioluna.it\/news\/wp-json\/wp\/v2\/posts\/160662\/revisions"}],"wp:featuredmedia":[{"embeddable":true,"href":"https:\/\/www.radioluna.it\/news\/wp-json\/wp\/v2\/media\/160671"}],"wp:attachment":[{"href":"https:\/\/www.radioluna.it\/news\/wp-json\/wp\/v2\/media?parent=160662"}],"wp:term":[{"taxonomy":"category","embeddable":true,"href":"https:\/\/www.radioluna.it\/news\/wp-json\/wp\/v2\/categories?post=160662"},{"taxonomy":"post_tag","embeddable":true,"href":"https:\/\/www.radioluna.it\/news\/wp-json\/wp\/v2\/tags?post=160662"}],"curies":[{"name":"wp","href":"https:\/\/api.w.org\/{rel}","templated":true}]}}