{"id":160875,"date":"2015-02-14T11:54:28","date_gmt":"2015-02-14T10:54:28","guid":{"rendered":"http:\/\/www.radioluna.it\/news\/?p=160875"},"modified":"2015-02-14T12:18:20","modified_gmt":"2015-02-14T11:18:20","slug":"dona-un-farmaco-per-la-xxv-giornata-del-banco-farmaceutico","status":"publish","type":"post","link":"https:\/\/www.radioluna.it\/news\/2015\/02\/dona-un-farmaco-per-la-xxv-giornata-del-banco-farmaceutico\/","title":{"rendered":"Dona un farmaco per la XXV Giornata del Banco Farmaceutico"},"content":{"rendered":"<div id=\"fb-root\"><\/div>\n<div id=\"attachment_160876\" style=\"width: 645px\" class=\"wp-caption aligncenter\"><img loading=\"lazy\" decoding=\"async\" aria-describedby=\"caption-attachment-160876\" class=\"size-thumbnail wp-image-160876\" src=\"http:\/\/www.radioluna.it\/news\/wp-content\/uploads\/2015\/02\/volontarie-635x846.jpg\" alt=\"Due volontarie all'opera nella farmacia Travagliati \" width=\"635\" height=\"846\" srcset=\"https:\/\/www.radioluna.it\/news\/wp-content\/uploads\/2015\/02\/volontarie-635x846.jpg 635w, https:\/\/www.radioluna.it\/news\/wp-content\/uploads\/2015\/02\/volontarie-500x667.jpg 500w, https:\/\/www.radioluna.it\/news\/wp-content\/uploads\/2015\/02\/volontarie-225x300.jpg 225w, https:\/\/www.radioluna.it\/news\/wp-content\/uploads\/2015\/02\/volontarie.jpg 720w\" sizes=\"auto, (max-width: 635px) 100vw, 635px\" \/><p id=\"caption-attachment-160876\" class=\"wp-caption-text\">Due volontarie all&#8217;opera nella farmacia Travagliati di Latina. I farmaci raccolti qui saranno destinati all&#8217;Associazione Battito di Vita Onlus<\/p><\/div>\n<p style=\"text-align: justify;\">LATINA &#8211; Sabato 14 \u00a0febbraio si tiene anche a Latina l&#8217;iniziativa del\u00a0Banco Farmaceutico per la raccolta di farmaci da donare ad enti e associazioni quotidianamente impegnati nella lotta alla povert\u00e0 sanitaria. La XXV Giornata \u00e8 organizzata in oltre 3.600 farmacie distribuite in 97 province e in pi\u00f9 di 1.200 comuni. Recandosi nelle farmacie che aderiscono all\u2019iniziativa, si potr\u00e0 acquistare e donare farmaci di automedicazione che verranno destinati alle persone in stato di povert\u00e0. L&#8217;elenco delle farmacie che aderiscono \u00e8 sul sito\u00a0www.bancofarmaceutico.org<\/p>\n<p style=\"text-align: justify;\">\n","protected":false},"excerpt":{"rendered":"<p>LATINA &#8211; Sabato 14 \u00a0febbraio si tiene anche a Latina l&#8217;iniziativa del\u00a0Banco Farmaceutico per la raccolta di farmaci da donare ad enti e associazioni quotidianamente impegnati nella lotta alla povert\u00e0 sanitaria. La XXV Giornata \u00e8 organizzata in oltre 3.600 farmacie distribuite in 97 province e in pi\u00f9 di 1.200 comuni. Recandosi nelle farmacie che aderiscono [&hellip;]<\/p>\n","protected":false},"author":62,"featured_media":160876,"comment_status":"open","ping_status":"closed","sticky":false,"template":"","format":"standard","meta":{"footnotes":""},"categories":[16],"tags":[],"class_list":["post-160875","post","type-post","status-publish","format-standard","has-post-thumbnail","hentry","category-appuntamenti"],"_links":{"self":[{"href":"https:\/\/www.radioluna.it\/news\/wp-json\/wp\/v2\/posts\/160875","targetHints":{"allow":["GET"]}}],"collection":[{"href":"https:\/\/www.radioluna.it\/news\/wp-json\/wp\/v2\/posts"}],"about":[{"href":"https:\/\/www.radioluna.it\/news\/wp-json\/wp\/v2\/types\/post"}],"author":[{"embeddable":true,"href":"https:\/\/www.radioluna.it\/news\/wp-json\/wp\/v2\/users\/62"}],"replies":[{"embeddable":true,"href":"https:\/\/www.radioluna.it\/news\/wp-json\/wp\/v2\/comments?post=160875"}],"version-history":[{"count":0,"href":"https:\/\/www.radioluna.it\/news\/wp-json\/wp\/v2\/posts\/160875\/revisions"}],"wp:featuredmedia":[{"embeddable":true,"href":"https:\/\/www.radioluna.it\/news\/wp-json\/wp\/v2\/media\/160876"}],"wp:attachment":[{"href":"https:\/\/www.radioluna.it\/news\/wp-json\/wp\/v2\/media?parent=160875"}],"wp:term":[{"taxonomy":"category","embeddable":true,"href":"https:\/\/www.radioluna.it\/news\/wp-json\/wp\/v2\/categories?post=160875"},{"taxonomy":"post_tag","embeddable":true,"href":"https:\/\/www.radioluna.it\/news\/wp-json\/wp\/v2\/tags?post=160875"}],"curies":[{"name":"wp","href":"https:\/\/api.w.org\/{rel}","templated":true}]}}