{"id":160999,"date":"2015-02-18T10:29:58","date_gmt":"2015-02-18T09:29:58","guid":{"rendered":"http:\/\/www.radioluna.it\/news\/?p=160999"},"modified":"2015-02-20T18:12:04","modified_gmt":"2015-02-20T17:12:04","slug":"160999","status":"publish","type":"post","link":"https:\/\/www.radioluna.it\/news\/2015\/02\/160999\/","title":{"rendered":"Aprile nuovo presidente dei giovani nerazzurri"},"content":{"rendered":"<div id=\"fb-root\"><\/div>\n<p style=\"text-align: justify;\"><img loading=\"lazy\" decoding=\"async\" class=\"aligncenter size-thumbnail wp-image-161000\" src=\"http:\/\/www.radioluna.it\/news\/wp-content\/uploads\/2015\/02\/aprile-635x339.jpg\" alt=\"aprile\" width=\"635\" height=\"339\" srcset=\"https:\/\/www.radioluna.it\/news\/wp-content\/uploads\/2015\/02\/aprile-635x339.jpg 635w, https:\/\/www.radioluna.it\/news\/wp-content\/uploads\/2015\/02\/aprile-500x267.jpg 500w, https:\/\/www.radioluna.it\/news\/wp-content\/uploads\/2015\/02\/aprile-300x160.jpg 300w, https:\/\/www.radioluna.it\/news\/wp-content\/uploads\/2015\/02\/aprile.jpg 750w\" sizes=\"auto, (max-width: 635px) 100vw, 635px\" \/>LATINA &#8211; E&#8217;\u00a0Antonio Aprile il nuovo presidente del settore giovanile nerazzurro. Imprenditore locale e fondatore della Recoma Group (societ\u00e0 sponsor della prima squadra), gi\u00e0 presidente del Sermoneta calcio. Lo comunica l&#8217;Us Latina Calcio. Aprile si \u00e8 detto onorato per l&#8217;incarico ricevuto e convinto che &#8220;il futuro e le fortune di una societ\u00e0 di calcio risiedano proprio nel settore giovanile\u201d.<\/p>\n<p style=\"text-align: justify;\">\n<div class=\"radio-posizionamento-telefono-in-articoli-dopo-il-contenuto-articolo radio-entity-placement\" id=\"radio-2569183166\"><div id=\"radio-3026414152\" style=\"width: 300px;height: 250px;\"><a href=\"https:\/\/www.icarspa.it\/auto\/usate\/latina\/\" aria-label=\"banner aprile icar new life &#8211; auto usate latina\"><img loading=\"lazy\" decoding=\"async\" src=\"https:\/\/www.radioluna.it\/news\/wp-content\/uploads\/2026\/02\/banner-aprile-icar-new-life-auto-usate-latina.gif\" alt=\"\"  width=\"300\" height=\"250\"   \/><\/a><\/div><\/div>","protected":false},"excerpt":{"rendered":"<p>LATINA &#8211; E&#8217;\u00a0Antonio Aprile il nuovo presidente del settore giovanile nerazzurro. Imprenditore locale e fondatore della Recoma Group (societ\u00e0 sponsor della prima squadra), gi\u00e0 presidente del Sermoneta calcio. Lo comunica l&#8217;Us Latina Calcio. Aprile si \u00e8 detto onorato per l&#8217;incarico ricevuto e convinto che &#8220;il futuro e le fortune di una societ\u00e0 di calcio risiedano [&hellip;]<\/p>\n","protected":false},"author":62,"featured_media":161000,"comment_status":"open","ping_status":"closed","sticky":false,"template":"","format":"standard","meta":{"footnotes":""},"categories":[17],"tags":[],"class_list":["post-160999","post","type-post","status-publish","format-standard","has-post-thumbnail","hentry","category-sport"],"_links":{"self":[{"href":"https:\/\/www.radioluna.it\/news\/wp-json\/wp\/v2\/posts\/160999","targetHints":{"allow":["GET"]}}],"collection":[{"href":"https:\/\/www.radioluna.it\/news\/wp-json\/wp\/v2\/posts"}],"about":[{"href":"https:\/\/www.radioluna.it\/news\/wp-json\/wp\/v2\/types\/post"}],"author":[{"embeddable":true,"href":"https:\/\/www.radioluna.it\/news\/wp-json\/wp\/v2\/users\/62"}],"replies":[{"embeddable":true,"href":"https:\/\/www.radioluna.it\/news\/wp-json\/wp\/v2\/comments?post=160999"}],"version-history":[{"count":0,"href":"https:\/\/www.radioluna.it\/news\/wp-json\/wp\/v2\/posts\/160999\/revisions"}],"wp:featuredmedia":[{"embeddable":true,"href":"https:\/\/www.radioluna.it\/news\/wp-json\/wp\/v2\/media\/161000"}],"wp:attachment":[{"href":"https:\/\/www.radioluna.it\/news\/wp-json\/wp\/v2\/media?parent=160999"}],"wp:term":[{"taxonomy":"category","embeddable":true,"href":"https:\/\/www.radioluna.it\/news\/wp-json\/wp\/v2\/categories?post=160999"},{"taxonomy":"post_tag","embeddable":true,"href":"https:\/\/www.radioluna.it\/news\/wp-json\/wp\/v2\/tags?post=160999"}],"curies":[{"name":"wp","href":"https:\/\/api.w.org\/{rel}","templated":true}]}}