{"id":161044,"date":"2015-02-19T11:42:55","date_gmt":"2015-02-19T10:42:55","guid":{"rendered":"http:\/\/www.radioluna.it\/news\/?p=161044"},"modified":"2015-02-20T17:35:26","modified_gmt":"2015-02-20T16:35:26","slug":"lascio-perche-il-movimento-libero-non-esiste-piu","status":"publish","type":"post","link":"https:\/\/www.radioluna.it\/news\/2015\/02\/lascio-perche-il-movimento-libero-non-esiste-piu\/","title":{"rendered":"&#8220;Lascio perch\u00e9 il Movimento libero non esiste pi\u00f9&#8221;"},"content":{"rendered":"<div id=\"fb-root\"><\/div>\n<p><img loading=\"lazy\" decoding=\"async\" class=\"aligncenter size-full wp-image-161049\" src=\"http:\/\/www.radioluna.it\/news\/wp-content\/uploads\/2015\/02\/ivana.jpg\" alt=\"ivana\" width=\"430\" height=\"358\" srcset=\"https:\/\/www.radioluna.it\/news\/wp-content\/uploads\/2015\/02\/ivana.jpg 430w, https:\/\/www.radioluna.it\/news\/wp-content\/uploads\/2015\/02\/ivana-300x250.jpg 300w\" sizes=\"auto, (max-width: 430px) 100vw, 430px\" \/><\/p>\n<p style=\"text-align: justify;\">LATINA \u00a0&#8211; &#8220;Ho coltivato l&#8217;ideale di una societ\u00e0 democratica e libera in cui tutte le persone vivono in armonia e con pari opportunit\u00e0, un&#8217;ideale per cui voglio vivere e che voglio cercare di raggiungere&#8221;. Con le parole di Nelson Mandela, che \u00a0&#8211; spiega &#8211; l&#8217;hanno sempre ispirata, si \u00e8 aperto il 17 febbraio il discorso della senatrice pontina del M5 Stelle, Ivana Simeoni nell&#8217;Aula del Senato in occasione della 392\u00b0 seduta, per motivare le sue dimissioni (date il 14 dicembre e respinte \u00a0dall&#8217;Aula come quelle del collega Giuseppe Vacciano).<\/p>\n<p style=\"text-align: justify;\">&#8220;Ho deciso di dimettermi perch\u00e9 troppi degli ideali che ci indicavano la strada sono stati messi da parte e non si sa pi\u00f9 quale sia il traguardo. Ho creduto al progetto, ma il venire meno di troppi elementi fondamentali mi ha fatto capire che siamo andati troppo oltre&#8230; Questa casa la stiamo costruendo con troppi buchi nelle fondamenta. Voglio pensare che questo mio gesto serva a cambiare qualcosa. Lascio con sofferenza&#8221;, conclude la senatrice che citando Calamandrei inneggia al movimento libero, che evidentemente non c&#8217;\u00e8 pi\u00f9 (o non c&#8217;\u00e8 mai stato).<\/p>\n","protected":false},"excerpt":{"rendered":"<p>LATINA \u00a0&#8211; &#8220;Ho coltivato l&#8217;ideale di una societ\u00e0 democratica e libera in cui tutte le persone vivono in armonia e con pari opportunit\u00e0, un&#8217;ideale per cui voglio vivere e che voglio cercare di raggiungere&#8221;. Con le parole di Nelson Mandela, che \u00a0&#8211; spiega &#8211; l&#8217;hanno sempre ispirata, si \u00e8 aperto il 17 febbraio il discorso [&hellip;]<\/p>\n","protected":false},"author":62,"featured_media":161049,"comment_status":"open","ping_status":"closed","sticky":false,"template":"","format":"standard","meta":{"footnotes":""},"categories":[8],"tags":[],"class_list":["post-161044","post","type-post","status-publish","format-standard","has-post-thumbnail","hentry","category-politica"],"_links":{"self":[{"href":"https:\/\/www.radioluna.it\/news\/wp-json\/wp\/v2\/posts\/161044","targetHints":{"allow":["GET"]}}],"collection":[{"href":"https:\/\/www.radioluna.it\/news\/wp-json\/wp\/v2\/posts"}],"about":[{"href":"https:\/\/www.radioluna.it\/news\/wp-json\/wp\/v2\/types\/post"}],"author":[{"embeddable":true,"href":"https:\/\/www.radioluna.it\/news\/wp-json\/wp\/v2\/users\/62"}],"replies":[{"embeddable":true,"href":"https:\/\/www.radioluna.it\/news\/wp-json\/wp\/v2\/comments?post=161044"}],"version-history":[{"count":0,"href":"https:\/\/www.radioluna.it\/news\/wp-json\/wp\/v2\/posts\/161044\/revisions"}],"wp:featuredmedia":[{"embeddable":true,"href":"https:\/\/www.radioluna.it\/news\/wp-json\/wp\/v2\/media\/161049"}],"wp:attachment":[{"href":"https:\/\/www.radioluna.it\/news\/wp-json\/wp\/v2\/media?parent=161044"}],"wp:term":[{"taxonomy":"category","embeddable":true,"href":"https:\/\/www.radioluna.it\/news\/wp-json\/wp\/v2\/categories?post=161044"},{"taxonomy":"post_tag","embeddable":true,"href":"https:\/\/www.radioluna.it\/news\/wp-json\/wp\/v2\/tags?post=161044"}],"curies":[{"name":"wp","href":"https:\/\/api.w.org\/{rel}","templated":true}]}}