{"id":161462,"date":"2015-03-02T09:28:33","date_gmt":"2015-03-02T08:28:33","guid":{"rendered":"http:\/\/www.radioluna.it\/news\/?p=161462"},"modified":"2015-03-03T13:45:05","modified_gmt":"2015-03-03T12:45:05","slug":"vandali-in-azione-autovelox-come-birilli-su-via-epitaffio","status":"publish","type":"post","link":"https:\/\/www.radioluna.it\/news\/2015\/03\/vandali-in-azione-autovelox-come-birilli-su-via-epitaffio\/","title":{"rendered":"Vandali in azione, autovelox come birilli su Via Epitaffio"},"content":{"rendered":"<div id=\"fb-root\"><\/div>\n<p><strong>[flagallery gid=308]<\/strong><\/p>\n<p style=\"text-align: justify;\"><strong>LATINA<\/strong> &#8211; Gli autovelox, anzi i velo-ok su Via Epitaffio sono caduti come birilli. Ne \u00e8 rimasto in piedi solo uno \u00a0ed \u00e8 l&#8217;ultimo che si incontra rientrando da Latina Scalo a Latina. Atto di vandalismo? Sembra proprio di s\u00ec: nella notte tra venerd\u00ec e sabato qualcuno si \u00e8 divertito a danneggiarli e ora appaiono come li vedete in queste foto. Considerando che hanno contribuito a ridurre la mortalit\u00e0 sul tratto funestato da decine di incidenti, non \u00e8 stato un bel servizio quello reso alla citt\u00e0. Dopo la segnalazione ai vigili urbani, saranno riparati al pi\u00f9 presto.<\/p>\n","protected":false},"excerpt":{"rendered":"<p>[flagallery gid=308] LATINA &#8211; Gli autovelox, anzi i velo-ok su Via Epitaffio sono caduti come birilli. Ne \u00e8 rimasto in piedi solo uno \u00a0ed \u00e8 l&#8217;ultimo che si incontra rientrando da Latina Scalo a Latina. Atto di vandalismo? Sembra proprio di s\u00ec: nella notte tra venerd\u00ec e sabato qualcuno si \u00e8 divertito a danneggiarli e [&hellip;]<\/p>\n","protected":false},"author":62,"featured_media":161464,"comment_status":"open","ping_status":"closed","sticky":false,"template":"","format":"standard","meta":{"footnotes":""},"categories":[7,2311],"tags":[],"class_list":["post-161462","post","type-post","status-publish","format-standard","has-post-thumbnail","hentry","category-cronaca","category-foto"],"_links":{"self":[{"href":"https:\/\/www.radioluna.it\/news\/wp-json\/wp\/v2\/posts\/161462","targetHints":{"allow":["GET"]}}],"collection":[{"href":"https:\/\/www.radioluna.it\/news\/wp-json\/wp\/v2\/posts"}],"about":[{"href":"https:\/\/www.radioluna.it\/news\/wp-json\/wp\/v2\/types\/post"}],"author":[{"embeddable":true,"href":"https:\/\/www.radioluna.it\/news\/wp-json\/wp\/v2\/users\/62"}],"replies":[{"embeddable":true,"href":"https:\/\/www.radioluna.it\/news\/wp-json\/wp\/v2\/comments?post=161462"}],"version-history":[{"count":0,"href":"https:\/\/www.radioluna.it\/news\/wp-json\/wp\/v2\/posts\/161462\/revisions"}],"wp:featuredmedia":[{"embeddable":true,"href":"https:\/\/www.radioluna.it\/news\/wp-json\/wp\/v2\/media\/161464"}],"wp:attachment":[{"href":"https:\/\/www.radioluna.it\/news\/wp-json\/wp\/v2\/media?parent=161462"}],"wp:term":[{"taxonomy":"category","embeddable":true,"href":"https:\/\/www.radioluna.it\/news\/wp-json\/wp\/v2\/categories?post=161462"},{"taxonomy":"post_tag","embeddable":true,"href":"https:\/\/www.radioluna.it\/news\/wp-json\/wp\/v2\/tags?post=161462"}],"curies":[{"name":"wp","href":"https:\/\/api.w.org\/{rel}","templated":true}]}}