{"id":161709,"date":"2015-03-07T18:47:04","date_gmt":"2015-03-07T17:47:04","guid":{"rendered":"http:\/\/www.radioluna.it\/news\/?p=161709"},"modified":"2015-03-09T18:44:14","modified_gmt":"2015-03-09T17:44:14","slug":"nel-pof-della-scuola-una-banca-delle-risorse-fatta-di-persone","status":"publish","type":"post","link":"https:\/\/www.radioluna.it\/news\/2015\/03\/nel-pof-della-scuola-una-banca-delle-risorse-fatta-di-persone\/","title":{"rendered":"Nel Pof della scuola una banca delle risorse fatta di persone"},"content":{"rendered":"<div id=\"fb-root\"><\/div>\n<div id=\"attachment_161710\" style=\"width: 645px\" class=\"wp-caption aligncenter\"><img loading=\"lazy\" decoding=\"async\" aria-describedby=\"caption-attachment-161710\" class=\"size-thumbnail wp-image-161710\" src=\"http:\/\/www.radioluna.it\/news\/wp-content\/uploads\/2015\/03\/Laura-De-Angelis-635x476.jpg\" alt=\"Il dirigente della scuola Don Milani, Laura De Angelis\" width=\"635\" height=\"476\" srcset=\"https:\/\/www.radioluna.it\/news\/wp-content\/uploads\/2015\/03\/Laura-De-Angelis-635x476.jpg 635w, https:\/\/www.radioluna.it\/news\/wp-content\/uploads\/2015\/03\/Laura-De-Angelis-768x576.jpg 768w, https:\/\/www.radioluna.it\/news\/wp-content\/uploads\/2015\/03\/Laura-De-Angelis-500x375.jpg 500w, https:\/\/www.radioluna.it\/news\/wp-content\/uploads\/2015\/03\/Laura-De-Angelis-300x225.jpg 300w, https:\/\/www.radioluna.it\/news\/wp-content\/uploads\/2015\/03\/Laura-De-Angelis-1024x768.jpg 1024w, https:\/\/www.radioluna.it\/news\/wp-content\/uploads\/2015\/03\/Laura-De-Angelis-800x600.jpg 800w, https:\/\/www.radioluna.it\/news\/wp-content\/uploads\/2015\/03\/Laura-De-Angelis.jpg 1000w\" sizes=\"auto, (max-width: 635px) 100vw, 635px\" \/><p id=\"caption-attachment-161710\" class=\"wp-caption-text\">Il dirigente della scuola Don Milani, Laura De Angelis<\/p><\/div>\n<p style=\"text-align: justify;\"><strong>LATINA<\/strong> &#8211; Inserire nel Pof, il piano di offerta formativa della scuola, una &#8220;banca delle risorse&#8221; fatta di persone. Parenti e amici degli alunni iscritti in grado di dare una mano\u00a0per piccole riparazioni o prestazioni professionali in caso di bisogno all&#8217;istituto scolastico.<\/p>\n<p style=\"text-align: justify;\">E&#8217; l&#8217;idea divenuta realt\u00e0 alla scuola Don Milani di Latina,\u00a0\u201csono circa 200 le persone che hanno offerto la propria disponibilit\u00e0 e le proprie competenze gratuitamente per le esigenze della scuola \u2013 spiega la dirigente dell&#8217;istituto don Milani, Laura De Angelis &#8211; Abbiamo pensato alla banca delle risorse come soluzione delle piccole emergenze quotidiane, perch\u00e9 spesso non vi si riusciva a far fronte e la gestione diventava sempre pi\u00f9 difficile. Oggi invece abbiamo persino servizi che altrimenti non avremmo potuto permetterci: \u00e8 il caso, per esempio, dello sportello d&#8217;ascolto, che ci \u00e8 stato offerto gratuitamente e spontaneamente da una psicologa che \u00e8 mamma di un nostro alunno. C&#8217;\u00e8 un pap\u00e0, invece, che quando ce n&#8217;\u00e8 bisogno, ci trasporta i materiali con un furgoncino; un fabbro ci ha cambiato alcune serrature; un elettricista ha sistemato alcune prese; un giardiniere ci aiuter\u00e0 con un piccolo orto; alcune mamme hanno cucito e montato le tende nella scuola di via Cimarosa, con un tessuto ignifugo a norma di legge regalatoci da un negozio di Latina; un&#8217;altra mamma si sta occupando di un approfondimento didattico di lingua inglese. \u00c8 molto bello vedere come le persone di adoperino per la scuola, e non solo quella frequentata dai propri figli\u201d.<\/p>\n<p style=\"text-align: justify;\">I professionisti, al momento del bisogno, si accordano fra loro in base agli impegni personali, oppure operano a rotazione. Ogni anno compilano un modulo di adesione volontaria e facoltativa e le loro prestazioni sono sempre coperte dall&#8217;assicurazione, perch\u00e9 inserite nel Pof. Gli eventuali materiali necessari per riparazioni o sostituzioni, vengono sempre forniti dalla scuola, a meno che il professionista \u2013 come spesso accade \u2013 non sia intenzionato a regalarli.\u00a0Un\u00a0tipo di gestione dei plessi scolastici da prendere ad esempio, come sottolinea\u00a0Nicoletta Zuliani, consigliera comunale del Pd,&#8221;il protocollo &#8211; spiega &#8211; prevede un accordo formale tra le parti (Comune e Istituti Comprensivi), peraltro gi\u00e0 presente in numerosi Comuni italiani e con risultati positivi, e sarebbe in grado di regolamentare in tutto il territorio di Latina proprio la collaborazione delle famiglie alla manutenzione della cosa pubblica&#8221;.<\/p>\n","protected":false},"excerpt":{"rendered":"<p>LATINA &#8211; Inserire nel Pof, il piano di offerta formativa della scuola, una &#8220;banca delle risorse&#8221; fatta di persone. Parenti e amici degli alunni iscritti in grado di dare una mano\u00a0per piccole riparazioni o prestazioni professionali in caso di bisogno all&#8217;istituto scolastico. E&#8217; l&#8217;idea divenuta realt\u00e0 alla scuola Don Milani di Latina,\u00a0\u201csono circa 200 le [&hellip;]<\/p>\n","protected":false},"author":60,"featured_media":161710,"comment_status":"open","ping_status":"closed","sticky":false,"template":"","format":"standard","meta":{"footnotes":""},"categories":[248],"tags":[],"class_list":["post-161709","post","type-post","status-publish","format-standard","has-post-thumbnail","hentry","category-istruzione"],"_links":{"self":[{"href":"https:\/\/www.radioluna.it\/news\/wp-json\/wp\/v2\/posts\/161709","targetHints":{"allow":["GET"]}}],"collection":[{"href":"https:\/\/www.radioluna.it\/news\/wp-json\/wp\/v2\/posts"}],"about":[{"href":"https:\/\/www.radioluna.it\/news\/wp-json\/wp\/v2\/types\/post"}],"author":[{"embeddable":true,"href":"https:\/\/www.radioluna.it\/news\/wp-json\/wp\/v2\/users\/60"}],"replies":[{"embeddable":true,"href":"https:\/\/www.radioluna.it\/news\/wp-json\/wp\/v2\/comments?post=161709"}],"version-history":[{"count":0,"href":"https:\/\/www.radioluna.it\/news\/wp-json\/wp\/v2\/posts\/161709\/revisions"}],"wp:featuredmedia":[{"embeddable":true,"href":"https:\/\/www.radioluna.it\/news\/wp-json\/wp\/v2\/media\/161710"}],"wp:attachment":[{"href":"https:\/\/www.radioluna.it\/news\/wp-json\/wp\/v2\/media?parent=161709"}],"wp:term":[{"taxonomy":"category","embeddable":true,"href":"https:\/\/www.radioluna.it\/news\/wp-json\/wp\/v2\/categories?post=161709"},{"taxonomy":"post_tag","embeddable":true,"href":"https:\/\/www.radioluna.it\/news\/wp-json\/wp\/v2\/tags?post=161709"}],"curies":[{"name":"wp","href":"https:\/\/api.w.org\/{rel}","templated":true}]}}