{"id":162017,"date":"2015-03-16T09:15:57","date_gmt":"2015-03-16T08:15:57","guid":{"rendered":"http:\/\/www.radioluna.it\/news\/?p=162017"},"modified":"2017-12-26T10:46:10","modified_gmt":"2017-12-26T09:46:10","slug":"incidente-auto-si-ribalta-sulla-ninfina","status":"publish","type":"post","link":"https:\/\/www.radioluna.it\/news\/2015\/03\/incidente-auto-si-ribalta-sulla-ninfina\/","title":{"rendered":"Incidente, auto si ribalta sulla Ninfina"},"content":{"rendered":"<div id=\"fb-root\"><\/div>\n<p style=\"text-align: justify;\"><img loading=\"lazy\" decoding=\"async\" class=\"alignleft size-thumbnail wp-image-101779\" src=\"http:\/\/www.radioluna.it\/news\/wp-content\/uploads\/2010\/03\/redazione-150x150.jpg\" alt=\"Ambulanza-118_16\" width=\"150\" height=\"150\" \/>CISTERNA &#8211; Un&#8217;auto si \u00e8 ribaltata questa mattina\u00a0sulla via Ninfina a Doganella. Il conducente \u00e8 rimasto ferito in maniera grave ed \u00e8 stato trasportato al Goretti dall&#8217;ambulanza del 118, in codice rosso. Non \u00e8 ancora chiara la dinamica del sinistro.<\/p>\n","protected":false},"excerpt":{"rendered":"<p>CISTERNA &#8211; Un&#8217;auto si \u00e8 ribaltata questa mattina\u00a0sulla via Ninfina a Doganella. Il conducente \u00e8 rimasto ferito in maniera grave ed \u00e8 stato trasportato al Goretti dall&#8217;ambulanza del 118, in codice rosso. Non \u00e8 ancora chiara la dinamica del sinistro.<\/p>\n","protected":false},"author":62,"featured_media":101779,"comment_status":"open","ping_status":"closed","sticky":false,"template":"","format":"standard","meta":{"footnotes":""},"categories":[7],"tags":[],"class_list":["post-162017","post","type-post","status-publish","format-standard","has-post-thumbnail","hentry","category-cronaca"],"_links":{"self":[{"href":"https:\/\/www.radioluna.it\/news\/wp-json\/wp\/v2\/posts\/162017","targetHints":{"allow":["GET"]}}],"collection":[{"href":"https:\/\/www.radioluna.it\/news\/wp-json\/wp\/v2\/posts"}],"about":[{"href":"https:\/\/www.radioluna.it\/news\/wp-json\/wp\/v2\/types\/post"}],"author":[{"embeddable":true,"href":"https:\/\/www.radioluna.it\/news\/wp-json\/wp\/v2\/users\/62"}],"replies":[{"embeddable":true,"href":"https:\/\/www.radioluna.it\/news\/wp-json\/wp\/v2\/comments?post=162017"}],"version-history":[{"count":0,"href":"https:\/\/www.radioluna.it\/news\/wp-json\/wp\/v2\/posts\/162017\/revisions"}],"wp:featuredmedia":[{"embeddable":true,"href":"https:\/\/www.radioluna.it\/news\/wp-json\/wp\/v2\/media\/101779"}],"wp:attachment":[{"href":"https:\/\/www.radioluna.it\/news\/wp-json\/wp\/v2\/media?parent=162017"}],"wp:term":[{"taxonomy":"category","embeddable":true,"href":"https:\/\/www.radioluna.it\/news\/wp-json\/wp\/v2\/categories?post=162017"},{"taxonomy":"post_tag","embeddable":true,"href":"https:\/\/www.radioluna.it\/news\/wp-json\/wp\/v2\/tags?post=162017"}],"curies":[{"name":"wp","href":"https:\/\/api.w.org\/{rel}","templated":true}]}}