{"id":162018,"date":"2015-03-16T09:31:06","date_gmt":"2015-03-16T08:31:06","guid":{"rendered":"http:\/\/www.radioluna.it\/news\/?p=162018"},"modified":"2015-03-17T10:02:45","modified_gmt":"2015-03-17T09:02:45","slug":"bambina-accoltellata-nel-campo-nomadi-di-castel-romano","status":"publish","type":"post","link":"https:\/\/www.radioluna.it\/news\/2015\/03\/bambina-accoltellata-nel-campo-nomadi-di-castel-romano\/","title":{"rendered":"Bambina accoltellata nel campo nomadi di Castel Romano"},"content":{"rendered":"<div id=\"fb-root\"><\/div>\n<p style=\"text-align: justify;\"><strong><img loading=\"lazy\" decoding=\"async\" class=\"alignleft size-full wp-image-162023\" src=\"http:\/\/www.radioluna.it\/news\/wp-content\/uploads\/2015\/03\/campo-nomadi.jpg\" alt=\"campo-nomadi\" width=\"600\" height=\"300\" srcset=\"https:\/\/www.radioluna.it\/news\/wp-content\/uploads\/2015\/03\/campo-nomadi.jpg 600w, https:\/\/www.radioluna.it\/news\/wp-content\/uploads\/2015\/03\/campo-nomadi-500x250.jpg 500w, https:\/\/www.radioluna.it\/news\/wp-content\/uploads\/2015\/03\/campo-nomadi-300x150.jpg 300w\" sizes=\"auto, (max-width: 600px) 100vw, 600px\" \/>POMEZIA<\/strong> &#8211;\u00a0Un gioco pericoloso finito male. Cos\u00ec \u00e8 rimasta ferita una bambina di 11 anni colpita al torace con un coltello da cucina sabato pomeriggio nel campo nomadi di Castel Romano, sulla\u00a0Pontina. A ferirla alle spalle con ogni probabilit\u00e0 \u00e8 stato un amichetto pi\u00f9 piccolo che stava giocando con lei : le ha trafitto un polmone per fortuna senza ledere il cuore. La bimba, una bosniaca che vive nel campo nomadi con la famiglia, \u00e8 stata trasportata d&#8217;urgenza all&#8217;ospedale Sant&#8217;Anna di Pomezia e poi trasferita al Bambino Ges\u00f9 di Roma dove \u00e8 stata sottoposta a un&#8217;operazione e ricoverata in terapia intensiva. Le sue condizioni migliorano, ma l&#8217;episodio riaccende i riflettori sulle condizioni in cui vivono tanti bambini nei campi nomadi, spesso trovati in stato di abbandono materiale, di scarsissima igiene personale, in condizioni sanitarie precarie, senza scuola, per non parlare dello sfruttamento ai fini dell&#8217;accattonaggio. A Castel Romano dopo l&#8217;episodio i militari dei carabinieri hanno sequestrato il coltello con cui la piccola \u00e8 stata ferita e identificato la madre degli amichetti che \u00e8 stata denunciata per lesioni gravissime e abbandono di minori.<\/p>\n","protected":false},"excerpt":{"rendered":"<p>POMEZIA &#8211;\u00a0Un gioco pericoloso finito male. Cos\u00ec \u00e8 rimasta ferita una bambina di 11 anni colpita al torace con un coltello da cucina sabato pomeriggio nel campo nomadi di Castel Romano, sulla\u00a0Pontina. A ferirla alle spalle con ogni probabilit\u00e0 \u00e8 stato un amichetto pi\u00f9 piccolo che stava giocando con lei : le ha trafitto un [&hellip;]<\/p>\n","protected":false},"author":62,"featured_media":162023,"comment_status":"open","ping_status":"closed","sticky":false,"template":"","format":"standard","meta":{"footnotes":""},"categories":[7],"tags":[],"class_list":["post-162018","post","type-post","status-publish","format-standard","has-post-thumbnail","hentry","category-cronaca"],"_links":{"self":[{"href":"https:\/\/www.radioluna.it\/news\/wp-json\/wp\/v2\/posts\/162018","targetHints":{"allow":["GET"]}}],"collection":[{"href":"https:\/\/www.radioluna.it\/news\/wp-json\/wp\/v2\/posts"}],"about":[{"href":"https:\/\/www.radioluna.it\/news\/wp-json\/wp\/v2\/types\/post"}],"author":[{"embeddable":true,"href":"https:\/\/www.radioluna.it\/news\/wp-json\/wp\/v2\/users\/62"}],"replies":[{"embeddable":true,"href":"https:\/\/www.radioluna.it\/news\/wp-json\/wp\/v2\/comments?post=162018"}],"version-history":[{"count":0,"href":"https:\/\/www.radioluna.it\/news\/wp-json\/wp\/v2\/posts\/162018\/revisions"}],"wp:featuredmedia":[{"embeddable":true,"href":"https:\/\/www.radioluna.it\/news\/wp-json\/wp\/v2\/media\/162023"}],"wp:attachment":[{"href":"https:\/\/www.radioluna.it\/news\/wp-json\/wp\/v2\/media?parent=162018"}],"wp:term":[{"taxonomy":"category","embeddable":true,"href":"https:\/\/www.radioluna.it\/news\/wp-json\/wp\/v2\/categories?post=162018"},{"taxonomy":"post_tag","embeddable":true,"href":"https:\/\/www.radioluna.it\/news\/wp-json\/wp\/v2\/tags?post=162018"}],"curies":[{"name":"wp","href":"https:\/\/api.w.org\/{rel}","templated":true}]}}