{"id":162126,"date":"2015-03-18T16:40:45","date_gmt":"2015-03-18T15:40:45","guid":{"rendered":"http:\/\/www.radioluna.it\/news\/?p=162126"},"modified":"2015-03-18T16:40:45","modified_gmt":"2015-03-18T15:40:45","slug":"sanita-fazzone-zingaretti-convochi-i-sindaci-latto-di-latina-va-rivisto","status":"publish","type":"post","link":"https:\/\/www.radioluna.it\/news\/2015\/03\/sanita-fazzone-zingaretti-convochi-i-sindaci-latto-di-latina-va-rivisto\/","title":{"rendered":"Sanit\u00e0, Fazzone: &#8220;Zingaretti convochi i sindaci. L&#8217;atto di Latina va rivisto&#8221;"},"content":{"rendered":"<div id=\"fb-root\"><\/div>\n<p style=\"text-align: justify;\"><strong><img loading=\"lazy\" decoding=\"async\" class=\"alignleft size-medium wp-image-69374\" src=\"http:\/\/www.radioluna.it\/news\/wp-content\/uploads\/2011\/02\/Fazzone-300x200.jpg\" alt=\"Fazzone\" width=\"300\" height=\"200\" srcset=\"https:\/\/www.radioluna.it\/news\/wp-content\/uploads\/2011\/02\/Fazzone-300x200.jpg 300w, https:\/\/www.radioluna.it\/news\/wp-content\/uploads\/2011\/02\/Fazzone-500x333.jpg 500w, https:\/\/www.radioluna.it\/news\/wp-content\/uploads\/2011\/02\/Fazzone-600x400.jpg 600w, https:\/\/www.radioluna.it\/news\/wp-content\/uploads\/2011\/02\/Fazzone.jpg 660w\" sizes=\"auto, (max-width: 300px) 100vw, 300px\" \/>LATINA &#8211;<\/strong> \u201cL\u2019atto aziendale della Asl di Latina rischia di abbattersi come una scure sull\u2019efficienza e la qualit\u00e0 della sanit\u00e0 nella provincia di Latina. Per questa ragione ho inviato una nota al presidente della Regione Lazio, Nicola Zingaretti, perch\u00e9 convochi, con urgenza, una riunione con i sindaci del comprensorio di Fondi per ascoltarne le richieste ai fini di un\u2019auspicabile integrazione dell\u2019atto aziendale. Ho deciso di aggiungere la mia voce a quella di chi, come i sindaci della provincia di Latina, parlano in rappresentanza di tutti quei cittadini che rischiano di essere privati di una adeguata assistenza sanitaria. A sostegno di quelle istituzioni che hanno chiesto mille volte udienza e se la sono vista negare. Oggi ci troviamo di fronte ad un atto aziendale e ad un piano strategico che risultano essere penalizzanti per tutta la sanit\u00e0 pontina non soddisfacendo per i prossimi anni l\u2019esigenza indifferibile di tutela della salute che emerge a gran voce dai territori. Ci troviamo di fronte ad un direttore generale della Asl che ha confinato le proposte dei sindaci e dei cittadini ad un piano strategico che non comprende n\u00e9 la copertura economica per realizzarle n\u00e9 il personale necessario ad assicurarle. L\u2019atto aziendale, che dovrebbe essere strumento di organizzazione e pianificazione, risulta invece essere solo un elenco di buchi neri che vanno dall\u2019assenza della convenzione con l\u2019universit\u00e0, e del relativo budget, per arrivare alla realizzazione del Dea di II livello all\u2019ospedale Santa Maria Goretti di Latina che non riesce neanche ad affrontare il quotidiano. Penso alla situazione dei pronto soccorso di Latina e dell\u2019ospedale Dono Svizzero di Formia, alla cancellazione di intere specialit\u00e0 come la riabilitazione e la pneumologia a Gaeta. Per quanto concerne l\u2019area del Presidio Centro mi duole riscontrare la mancanza di un confronto istituzionale diretto a fronte delle molteplici richieste formulate dal sindaco di Fondi e dai colleghi del comprensorio, che legittimamente avrebbero voluto rappresentare prima della definitiva approvazione della proposta di atto aziendale la necessit\u00e0 di un\u2019integrazione al documento programmatico che lo rendesse quanto pi\u00f9 possibile corrispondente alle peculiarit\u00e0 del \u201cSan Giovanni di Dio\u201d, tra le quali la presenza del punto nascita e del Pronto Soccorso operativo H24. Ed ho citato solo alcuni esempi di un atto che danneggia le eccellenze e penalizza i cittadini. Mi auguro che il presidente Zingaretti, forte della fiducia ricevuta dai cittadini, sia consequenziale con quanto mi aveva assicurato risolvendo le criticit\u00e0 esistenti, adeguando la pianta organica degli ospedali della provincia di Latina con l\u2019assunzione di adeguate unit\u00e0 mediche, infermieristiche e tecniche. Il presidente Zingaretti nell\u2019incontro che abbiamo avuto si era impegnato ad avviare un confronto costante con i territori per consentire la redazione di un atto aziendale che valorizzasse il sistema sanitario pontino anche nell\u2019ottica di un decongestionamento dell\u2019area ospedaliera romana. Purtroppo, ad oggi, sono costretto a riscontrare, con amarezza, che di tutto questo nulla si \u00e8 realizzato Sono certo che da amministratore accorto quale \u00e8, Zingaretti non verr\u00e0 meno alla parola data e dimostrer\u00e0 a tutti i cittadini, che \u00e8 anche suo obiettivo dare risposte e garantire quel diritto alla cura e alla salute che qualcuno ha deciso, senza alcuna ragionevolezza, di cancellare. Per questo mi auguro che convochi subito i sindaci del Comprensorio di Fondi che da mesi, ogni giorno, chiedono con ogni mezzo a disposizione di essere ricevuti ma che non sono mai stati ascoltati\u201d.<br \/>\nLo dichiara in una nota il Senatore e coordinatore regionale di Forza Italia Lazio, Claudio Fazzone<\/p>\n","protected":false},"excerpt":{"rendered":"<p>LATINA &#8211; \u201cL\u2019atto aziendale della Asl di Latina rischia di abbattersi come una scure sull\u2019efficienza e la qualit\u00e0 della sanit\u00e0 nella provincia di Latina. Per questa ragione ho inviato una nota al presidente della Regione Lazio, Nicola Zingaretti, perch\u00e9 convochi, con urgenza, una riunione con i sindaci del comprensorio di Fondi per ascoltarne le richieste [&hellip;]<\/p>\n","protected":false},"author":60,"featured_media":69374,"comment_status":"open","ping_status":"closed","sticky":false,"template":"","format":"standard","meta":{"footnotes":""},"categories":[7],"tags":[],"class_list":["post-162126","post","type-post","status-publish","format-standard","has-post-thumbnail","hentry","category-cronaca"],"_links":{"self":[{"href":"https:\/\/www.radioluna.it\/news\/wp-json\/wp\/v2\/posts\/162126","targetHints":{"allow":["GET"]}}],"collection":[{"href":"https:\/\/www.radioluna.it\/news\/wp-json\/wp\/v2\/posts"}],"about":[{"href":"https:\/\/www.radioluna.it\/news\/wp-json\/wp\/v2\/types\/post"}],"author":[{"embeddable":true,"href":"https:\/\/www.radioluna.it\/news\/wp-json\/wp\/v2\/users\/60"}],"replies":[{"embeddable":true,"href":"https:\/\/www.radioluna.it\/news\/wp-json\/wp\/v2\/comments?post=162126"}],"version-history":[{"count":0,"href":"https:\/\/www.radioluna.it\/news\/wp-json\/wp\/v2\/posts\/162126\/revisions"}],"wp:featuredmedia":[{"embeddable":true,"href":"https:\/\/www.radioluna.it\/news\/wp-json\/wp\/v2\/media\/69374"}],"wp:attachment":[{"href":"https:\/\/www.radioluna.it\/news\/wp-json\/wp\/v2\/media?parent=162126"}],"wp:term":[{"taxonomy":"category","embeddable":true,"href":"https:\/\/www.radioluna.it\/news\/wp-json\/wp\/v2\/categories?post=162126"},{"taxonomy":"post_tag","embeddable":true,"href":"https:\/\/www.radioluna.it\/news\/wp-json\/wp\/v2\/tags?post=162126"}],"curies":[{"name":"wp","href":"https:\/\/api.w.org\/{rel}","templated":true}]}}