{"id":162143,"date":"2015-03-18T19:53:30","date_gmt":"2015-03-18T18:53:30","guid":{"rendered":"http:\/\/www.radioluna.it\/news\/?p=162143"},"modified":"2015-03-20T11:43:06","modified_gmt":"2015-03-20T10:43:06","slug":"paura-per-viviani-ma-lallarme-rientra","status":"publish","type":"post","link":"https:\/\/www.radioluna.it\/news\/2015\/03\/paura-per-viviani-ma-lallarme-rientra\/","title":{"rendered":"Paura per Viviani ma l&#8217;allarme rientra"},"content":{"rendered":"<div id=\"fb-root\"><\/div>\n<p><img loading=\"lazy\" decoding=\"async\" class=\" size-thumbnail wp-image-161418 aligncenter\" src=\"http:\/\/www.radioluna.it\/news\/wp-content\/uploads\/2015\/02\/viviani-di-spalle-635x423.jpg\" alt=\"viviani di spalle\" width=\"635\" height=\"423\" srcset=\"https:\/\/www.radioluna.it\/news\/wp-content\/uploads\/2015\/02\/viviani-di-spalle-635x423.jpg 635w, https:\/\/www.radioluna.it\/news\/wp-content\/uploads\/2015\/02\/viviani-di-spalle-768x512.jpg 768w, https:\/\/www.radioluna.it\/news\/wp-content\/uploads\/2015\/02\/viviani-di-spalle-500x333.jpg 500w, https:\/\/www.radioluna.it\/news\/wp-content\/uploads\/2015\/02\/viviani-di-spalle-600x400.jpg 600w, https:\/\/www.radioluna.it\/news\/wp-content\/uploads\/2015\/02\/viviani-di-spalle-300x200.jpg 300w, https:\/\/www.radioluna.it\/news\/wp-content\/uploads\/2015\/02\/viviani-di-spalle-800x533.jpg 800w, https:\/\/www.radioluna.it\/news\/wp-content\/uploads\/2015\/02\/viviani-di-spalle.jpg 960w\" sizes=\"auto, (max-width: 635px) 100vw, 635px\" \/><\/p>\n<p style=\"text-align: justify;\"><strong>LATINA<\/strong> &#8211; Paura oggi pomeriggio all&#8217;ex Fulgorcavi per Federico Viviani, il capitano nerazzurro durante l&#8217;amichevole con il Cori, squadra che milita nel campionato di Eccellenza,durante un&#8217;azione \u00a0di gioco il centrocampista nerazzurro \u00e8 stato costretto ad uscire per un colpo ricevuto \u00a0alla caviglia. In un primo momento si pensava ad una distorsione della caviglia, ma poi l&#8217;allarme \u00e8 rientrato e Viviani sar\u00e0 in campo per la partita contro lo Spezia in programma sabato al Francioni. La partita contro il Cori si \u00e8 conclusa con il punteggio di 6-0, in gol:\u00a0doppietta di Oduamadi e Doudou e poi gol sigilli di Bruscagin e Olivera.<\/p>\n<p>&nbsp;<\/p>\n","protected":false},"excerpt":{"rendered":"<p>LATINA &#8211; Paura oggi pomeriggio all&#8217;ex Fulgorcavi per Federico Viviani, il capitano nerazzurro durante l&#8217;amichevole con il Cori, squadra che milita nel campionato di Eccellenza,durante un&#8217;azione \u00a0di gioco il centrocampista nerazzurro \u00e8 stato costretto ad uscire per un colpo ricevuto \u00a0alla caviglia. In un primo momento si pensava ad una distorsione della caviglia, ma poi [&hellip;]<\/p>\n","protected":false},"author":60,"featured_media":161418,"comment_status":"open","ping_status":"closed","sticky":false,"template":"","format":"standard","meta":{"footnotes":""},"categories":[17],"tags":[],"class_list":["post-162143","post","type-post","status-publish","format-standard","has-post-thumbnail","hentry","category-sport"],"_links":{"self":[{"href":"https:\/\/www.radioluna.it\/news\/wp-json\/wp\/v2\/posts\/162143","targetHints":{"allow":["GET"]}}],"collection":[{"href":"https:\/\/www.radioluna.it\/news\/wp-json\/wp\/v2\/posts"}],"about":[{"href":"https:\/\/www.radioluna.it\/news\/wp-json\/wp\/v2\/types\/post"}],"author":[{"embeddable":true,"href":"https:\/\/www.radioluna.it\/news\/wp-json\/wp\/v2\/users\/60"}],"replies":[{"embeddable":true,"href":"https:\/\/www.radioluna.it\/news\/wp-json\/wp\/v2\/comments?post=162143"}],"version-history":[{"count":0,"href":"https:\/\/www.radioluna.it\/news\/wp-json\/wp\/v2\/posts\/162143\/revisions"}],"wp:featuredmedia":[{"embeddable":true,"href":"https:\/\/www.radioluna.it\/news\/wp-json\/wp\/v2\/media\/161418"}],"wp:attachment":[{"href":"https:\/\/www.radioluna.it\/news\/wp-json\/wp\/v2\/media?parent=162143"}],"wp:term":[{"taxonomy":"category","embeddable":true,"href":"https:\/\/www.radioluna.it\/news\/wp-json\/wp\/v2\/categories?post=162143"},{"taxonomy":"post_tag","embeddable":true,"href":"https:\/\/www.radioluna.it\/news\/wp-json\/wp\/v2\/tags?post=162143"}],"curies":[{"name":"wp","href":"https:\/\/api.w.org\/{rel}","templated":true}]}}