{"id":162240,"date":"2015-03-20T19:26:35","date_gmt":"2015-03-20T18:26:35","guid":{"rendered":"http:\/\/www.radioluna.it\/news\/?p=162240"},"modified":"2015-03-21T10:29:33","modified_gmt":"2015-03-21T09:29:33","slug":"i-seminari-di-rinascitacivile","status":"publish","type":"post","link":"https:\/\/www.radioluna.it\/news\/2015\/03\/i-seminari-di-rinascitacivile\/","title":{"rendered":"I seminari di RinascitaCivile"},"content":{"rendered":"<div id=\"fb-root\"><\/div>\n<p style=\"text-align: justify;\"><img loading=\"lazy\" decoding=\"async\" class=\"aligncenter wp-image-162241 size-thumbnail\" src=\"http:\/\/www.radioluna.it\/news\/wp-content\/uploads\/2015\/03\/DSC_6818-635x421.jpg\" alt=\"DSC_6818\" width=\"635\" height=\"421\" srcset=\"https:\/\/www.radioluna.it\/news\/wp-content\/uploads\/2015\/03\/DSC_6818-635x421.jpg 635w, https:\/\/www.radioluna.it\/news\/wp-content\/uploads\/2015\/03\/DSC_6818-768x509.jpg 768w, https:\/\/www.radioluna.it\/news\/wp-content\/uploads\/2015\/03\/DSC_6818-500x332.jpg 500w, https:\/\/www.radioluna.it\/news\/wp-content\/uploads\/2015\/03\/DSC_6818-300x199.jpg 300w, https:\/\/www.radioluna.it\/news\/wp-content\/uploads\/2015\/03\/DSC_6818-1024x679.jpg 1024w, https:\/\/www.radioluna.it\/news\/wp-content\/uploads\/2015\/03\/DSC_6818-800x531.jpg 800w, https:\/\/www.radioluna.it\/news\/wp-content\/uploads\/2015\/03\/DSC_6818.jpg 1000w\" sizes=\"auto, (max-width: 635px) 100vw, 635px\" \/>\u201cVeniamo da molto lontano..\u201d questo pensiero, semplice, credo condensi in una battuta l\u2019interessantissimo excursus storico con il quale il prof. Vittorio Cotesta ha introdotto la prima parte del seminario su \u201cLa rappresentanza politico amministrativa\u201d dedicato ai soci di Rinascita Civile. Concetti quali \u201claicit\u00e0\u201d , \u201csociet\u00e0 civile\u201d,\u00a0\u201cautonomia dell\u2019individuo\u201d e \u201csolidariet\u00e0\u201d affondano le proprie radici nella storia dell\u2019Umanit\u00e0 e sua evoluzione. Su queste tematiche esiste un dibattito ancora aperto nel mondo occidentale e, ritengo continuer\u00e0 a permeare ogni epoca, non \u00e8 peregrino individuare nella nostra stessa esistenza, nel microcosmo della nostra piccola citt\u00e0, le sue manifestazioni nel quotidiano.<br \/>\nIl pensiero filosofico di grandi pensatori del passato, si \u00e8 addentrato in queste tematiche, partendo da diversi presupposti, per giungere a posizioni differenti, Hobbes e Locke, il primo con una concezione negativa della natura umana (homo homini lupus) che le istituzioni debbono tenere a freno, il secondo con una concezione positiva poi ripresa da Rousseau, quindi una societ\u00e0 civile capace di autoregolarsi, che trova in Kant il suo massimo livello.<br \/>\nQuesta stessa dicotomia appare nelle posizioni di Marx ed Hegel che guardano all\u2019Uomo con disincanto.. ma il realismo ci impone di considerare entrambe le posizioni di volta in volta valide solo se applicate ad una osservazione parziale della realt\u00e0, nessuna generalizzazione \u00e8 esatta.. dovremmo ereditare una idea di societ\u00e0 civile a pi\u00f9 dimensioni, rapportandoci alla realt\u00e0 contemporanea poi, dove ad una globalizzazione da un lato corrisponde dall\u2019altro una sempre maggiore solitudine di individui o gruppi, che \u00e8 divenuta espressione del nostro Tempo.<br \/>\nAnche Latina presenta questa caratteristica di scambio tra diverse provenienze, la sua fondazione, prima, con la presenza dei Veneti, poi lo sviluppo industriale con manodopera proveniente da fuori, Ciociaria, Campania, ecc. il tutto con il problema dell\u2019integrazione, nessuna unit\u00e0 culturale, riferimenti alle culture locali numerosi e grande difficolt\u00e0 a creare una citt\u00e0 con una propria dimensione e quindi una propria opinione pubblica. Poi dagli anni 80 l\u2019immigrazione di molti stranieri, sia per la manodopera agricola che per l\u2019assistenza agli anziani, in un contesto in cui l\u2019Etnia \u00e8 certamente una trappola e nel pluralismo culturale dire chi rappresenta chi \u00e8 molto difficile, cos\u00ec come la presenza di un particolarismo di classe, dove esiste una borghesia e anche tanti poveri, dove la classe operaia non \u00e8 rappresentata e spesso umiliata, dove i figli dei dirigenti di una volta sono oggi a dirigere le Istituzioni locali, dove sussistono le clientele, \u00e8 giusto chiedersi se il sistema di potere locale si stia sfaldando e se i conflitti interni siano tali da portare a una ridistribuzione del potere.<br \/>\nQualsiasi progetto si voglia elaborare partendo dall\u2019oggi deve darsi dei tempi. Partire dalla creazione della rete delle associazioni autonome, per individuare idee riguardanti il bene comune, affrontando in primis la questione dell\u2019occupazione. Purtroppo da molto tempo manca un\u2019idea di citt\u00e0, l\u2019ultimo Sindaco che ha espresso un concetto della citt\u00e0 di Latina \u00e8 stato Antonio Corona, poi in successione sono mancati progetti, c\u2019\u00e8 stata una sorta di militarizzazione del territorio utile a creare solo una rete di voti.. la nostra citt\u00e0 ha avuto 30 anni di vuoto che, in un contesto gi\u00e0 difficile, \u00e8 andato a sommarsi alla frammentazione etnica, alla mancanza di una identit\u00e0 da difendere, alla paura del cambiamento. E oggi chiedersi come poter trasferire le nostre aspirazioni, questa nostra urgenza di cambiamento, in una realt\u00e0 cos\u00ec frammentata, \u00e8 complesso.. perch\u00e9 la questione della rappresentanza \u00e8 di per s\u00e9 complicatissima. Non esiste mai una corrispondenza sociale, non esiste una regola di base., spesso \u00e8 l\u2019attore politico che si crea il proprio elettorato. Sebbene, il prof. Cotesta, nell\u2019ambito di questo utilissimo dibattito, con la sua figura umanissima vorrei sottolineare, portandoci la sua esperienza personale, abbia ad un certo punto espresso il suo convincimento che esista comunque una risposta da dover dare alla propria coscienza, che esula dalla previsione di un risultato, che \u00e8 dettata dalla necessit\u00e0, urgenza, di non vivere col rimpianto, a-posteriori, di aver lasciato dell\u2019intentato.. di aver subito passivamente.<br \/>\nEssere comunque presenti nella realt\u00e0 politica urbana, con le proprie idee, proposte, critiche e denunce, non pu\u00f2 aver senso se poi non si cerca la maniera di incidere in questa realt\u00e0, bisogna semplicemente decidere a cosa dedicarsi, a quale misura del bene comune votare propri sforzi. Diversamente tutto diventa un esercizio a met\u00e0, e aggiungerei io, come voler fare un salto restando poi sospesi nel vuoto a met\u00e0.<br \/>\nUtile proseguire quindi la nostra riflessione su alcune idee guida che sono emerse durante il dibattito, anche grazie agli interventi dei soci presenti sulle quali torneremo nel prossimo confronto.<\/p>\n<p>Di seguito alcune \u201cparole chiave\u201d tratte dal dibattito successivo:<br \/>\n&#8211; chiedersi quale evoluzione avr\u00e0 RC e non scende in campo<br \/>\n&#8211; autoreferenziali<br \/>\n&#8211; Dimensione nel\/del territorio<br \/>\n&#8211; Avere una Visione, un Progetto di Citt\u00e0<br \/>\n&#8211; Problemi da porsi in merito agli aspetti demografici, all\u2019immigrazione, all\u2019economia e al lavoro<br \/>\n&#8211; Rappresentanza delle istanze sociali espressa dai partiti tradizionali<br \/>\n&#8211; Frammentazione culturale<br \/>\n&#8211; Paura del cambiamento<br \/>\n&#8211; Clientelismo<br \/>\n&#8211; L\u2019espressione del voto non corrisponde alla collocazione sociale dei cittadini, il voto \u00e8 frutto del radicamento politico &#8211; ideologico<\/p>\n<p>Di Francesca Suale<\/p>\n<div class=\"radio-posizionamento-telefono-in-articoli-dopo-il-contenuto-articolo radio-entity-placement\" id=\"radio-2173827210\"><div id=\"radio-834523273\"><a href=\"https:\/\/www.simeoneceramiche.com\/\" aria-label=\"SIMEONE CERAMICHE GIF animata per radioluna_Tavola disegno 1 copia 2 (online-video-cutter.com)\"><img loading=\"lazy\" decoding=\"async\" src=\"https:\/\/www.radioluna.it\/news\/wp-content\/uploads\/2025\/05\/SIMEONE-CERAMICHE-GIF-animata-per-radioluna_Tavola-disegno-1-copia-2-online-video-cutter.com_.gif\" alt=\"\"  width=\"300\" height=\"250\"   \/><\/a><\/div><\/div>","protected":false},"excerpt":{"rendered":"<p>\u201cVeniamo da molto lontano..\u201d questo pensiero, semplice, credo condensi in una battuta l\u2019interessantissimo excursus storico con il quale il prof. Vittorio Cotesta ha introdotto la prima parte del seminario su \u201cLa rappresentanza politico amministrativa\u201d dedicato ai soci di Rinascita Civile. Concetti quali \u201claicit\u00e0\u201d , \u201csociet\u00e0 civile\u201d,\u00a0\u201cautonomia dell\u2019individuo\u201d e \u201csolidariet\u00e0\u201d affondano le proprie radici nella storia [&hellip;]<\/p>\n","protected":false},"author":60,"featured_media":162241,"comment_status":"open","ping_status":"closed","sticky":false,"template":"","format":"standard","meta":{"footnotes":""},"categories":[735],"tags":[],"class_list":["post-162240","post","type-post","status-publish","format-standard","has-post-thumbnail","hentry","category-attualita"],"_links":{"self":[{"href":"https:\/\/www.radioluna.it\/news\/wp-json\/wp\/v2\/posts\/162240","targetHints":{"allow":["GET"]}}],"collection":[{"href":"https:\/\/www.radioluna.it\/news\/wp-json\/wp\/v2\/posts"}],"about":[{"href":"https:\/\/www.radioluna.it\/news\/wp-json\/wp\/v2\/types\/post"}],"author":[{"embeddable":true,"href":"https:\/\/www.radioluna.it\/news\/wp-json\/wp\/v2\/users\/60"}],"replies":[{"embeddable":true,"href":"https:\/\/www.radioluna.it\/news\/wp-json\/wp\/v2\/comments?post=162240"}],"version-history":[{"count":0,"href":"https:\/\/www.radioluna.it\/news\/wp-json\/wp\/v2\/posts\/162240\/revisions"}],"wp:featuredmedia":[{"embeddable":true,"href":"https:\/\/www.radioluna.it\/news\/wp-json\/wp\/v2\/media\/162241"}],"wp:attachment":[{"href":"https:\/\/www.radioluna.it\/news\/wp-json\/wp\/v2\/media?parent=162240"}],"wp:term":[{"taxonomy":"category","embeddable":true,"href":"https:\/\/www.radioluna.it\/news\/wp-json\/wp\/v2\/categories?post=162240"},{"taxonomy":"post_tag","embeddable":true,"href":"https:\/\/www.radioluna.it\/news\/wp-json\/wp\/v2\/tags?post=162240"}],"curies":[{"name":"wp","href":"https:\/\/api.w.org\/{rel}","templated":true}]}}