{"id":162456,"date":"2015-03-26T09:34:41","date_gmt":"2015-03-26T08:34:41","guid":{"rendered":"http:\/\/www.radioluna.it\/news\/?p=162456"},"modified":"2015-03-26T09:34:41","modified_gmt":"2015-03-26T08:34:41","slug":"summit-sul-filosi-di-terracina-appuntamento-in-provincia","status":"publish","type":"post","link":"https:\/\/www.radioluna.it\/news\/2015\/03\/summit-sul-filosi-di-terracina-appuntamento-in-provincia\/","title":{"rendered":"Summit sul Filosi di Terracina, appuntamento in Provincia"},"content":{"rendered":"<div id=\"fb-root\"><\/div>\n<p style=\"text-align: justify;\"><strong><img loading=\"lazy\" decoding=\"async\" class=\"alignleft wp-image-156834 size-medium\" src=\"http:\/\/www.radioluna.it\/news\/wp-content\/uploads\/2014\/10\/elonora-della-penna-300x238.jpg\" alt=\"elonora della penna\" width=\"300\" height=\"238\" srcset=\"https:\/\/www.radioluna.it\/news\/wp-content\/uploads\/2014\/10\/elonora-della-penna-300x238.jpg 300w, https:\/\/www.radioluna.it\/news\/wp-content\/uploads\/2014\/10\/elonora-della-penna-768x609.jpg 768w, https:\/\/www.radioluna.it\/news\/wp-content\/uploads\/2014\/10\/elonora-della-penna-500x397.jpg 500w, https:\/\/www.radioluna.it\/news\/wp-content\/uploads\/2014\/10\/elonora-della-penna-1024x812.jpg 1024w, https:\/\/www.radioluna.it\/news\/wp-content\/uploads\/2014\/10\/elonora-della-penna-635x503.jpg 635w, https:\/\/www.radioluna.it\/news\/wp-content\/uploads\/2014\/10\/elonora-della-penna-800x634.jpg 800w, https:\/\/www.radioluna.it\/news\/wp-content\/uploads\/2014\/10\/elonora-della-penna.jpg 1000w\" sizes=\"auto, (max-width: 300px) 100vw, 300px\" \/>TERRACINA<\/strong> &#8211;\u00a0Il presidente della Provincia Eleonora Della Penna ha convocato per domani (27 marzo) alle ore 12 presso la sede dell&#8217;ente, in via Costa a Latina, un incontro per discutere delle problematiche relative all\u2019istituto Filosi di Terracina. Alla riunione sono stati invitati il sindaco di Terracina, Nicola Procaccini, i consiglieri provinciali del territorio Patrizio Avelli, Alessandro Di Tommaso e Valentino Giuliani, la preside Annamaria Masci, il presidente del comitato dei genitori e gli studenti rappresentanti di Istituto.<\/p>\n<p style=\"text-align: justify;\">&#8220;La vicenda del Filosi, al pari di tutti gli altri istituti della provincia, rappresenta una priorit\u00e0 per il presidente Della Penna che con questo incontro, la cui convocazione \u00e8 stata annunciata gi\u00e0 lo scorso 27 febbraio nel corso di un evento pubblico proprio a Terracina, vuole affrontare in maniera costruttiva le diverse questioni in pi\u00f9 sedi rappresentate&#8221;, si legge in una nota dell&#8217;Ente di Via Costa.<\/p>\n","protected":false},"excerpt":{"rendered":"<p>TERRACINA &#8211;\u00a0Il presidente della Provincia Eleonora Della Penna ha convocato per domani (27 marzo) alle ore 12 presso la sede dell&#8217;ente, in via Costa a Latina, un incontro per discutere delle problematiche relative all\u2019istituto Filosi di Terracina. Alla riunione sono stati invitati il sindaco di Terracina, Nicola Procaccini, i consiglieri provinciali del territorio Patrizio Avelli, [&hellip;]<\/p>\n","protected":false},"author":62,"featured_media":156834,"comment_status":"open","ping_status":"closed","sticky":false,"template":"","format":"standard","meta":{"footnotes":""},"categories":[248],"tags":[],"class_list":["post-162456","post","type-post","status-publish","format-standard","has-post-thumbnail","hentry","category-istruzione"],"_links":{"self":[{"href":"https:\/\/www.radioluna.it\/news\/wp-json\/wp\/v2\/posts\/162456","targetHints":{"allow":["GET"]}}],"collection":[{"href":"https:\/\/www.radioluna.it\/news\/wp-json\/wp\/v2\/posts"}],"about":[{"href":"https:\/\/www.radioluna.it\/news\/wp-json\/wp\/v2\/types\/post"}],"author":[{"embeddable":true,"href":"https:\/\/www.radioluna.it\/news\/wp-json\/wp\/v2\/users\/62"}],"replies":[{"embeddable":true,"href":"https:\/\/www.radioluna.it\/news\/wp-json\/wp\/v2\/comments?post=162456"}],"version-history":[{"count":0,"href":"https:\/\/www.radioluna.it\/news\/wp-json\/wp\/v2\/posts\/162456\/revisions"}],"wp:featuredmedia":[{"embeddable":true,"href":"https:\/\/www.radioluna.it\/news\/wp-json\/wp\/v2\/media\/156834"}],"wp:attachment":[{"href":"https:\/\/www.radioluna.it\/news\/wp-json\/wp\/v2\/media?parent=162456"}],"wp:term":[{"taxonomy":"category","embeddable":true,"href":"https:\/\/www.radioluna.it\/news\/wp-json\/wp\/v2\/categories?post=162456"},{"taxonomy":"post_tag","embeddable":true,"href":"https:\/\/www.radioluna.it\/news\/wp-json\/wp\/v2\/tags?post=162456"}],"curies":[{"name":"wp","href":"https:\/\/api.w.org\/{rel}","templated":true}]}}