{"id":162482,"date":"2015-03-26T12:50:29","date_gmt":"2015-03-26T11:50:29","guid":{"rendered":"http:\/\/www.radioluna.it\/news\/?p=162482"},"modified":"2015-03-26T12:50:29","modified_gmt":"2015-03-26T11:50:29","slug":"il-liceo-majorana-di-latina-compie-40-anni","status":"publish","type":"post","link":"https:\/\/www.radioluna.it\/news\/2015\/03\/il-liceo-majorana-di-latina-compie-40-anni\/","title":{"rendered":"Il liceo Majorana di Latina compie 40 anni"},"content":{"rendered":"<div id=\"fb-root\"><\/div>\n<div id=\"attachment_107100\" style=\"width: 310px\" class=\"wp-caption alignleft\"><img loading=\"lazy\" decoding=\"async\" aria-describedby=\"caption-attachment-107100\" class=\"wp-image-107100 size-medium\" src=\"http:\/\/www.radioluna.it\/news\/wp-content\/uploads\/2011\/07\/Majorana-300x225.jpg\" alt=\"Il liceo scientifico Majorana di Latina\" width=\"300\" height=\"225\" srcset=\"https:\/\/www.radioluna.it\/news\/wp-content\/uploads\/2011\/07\/Majorana-300x225.jpg 300w, https:\/\/www.radioluna.it\/news\/wp-content\/uploads\/2011\/07\/Majorana-500x375.jpg 500w, https:\/\/www.radioluna.it\/news\/wp-content\/uploads\/2011\/07\/Majorana.jpg 640w\" sizes=\"auto, (max-width: 300px) 100vw, 300px\" \/><p id=\"caption-attachment-107100\" class=\"wp-caption-text\">Il liceo scientifico Majorana di Latina<\/p><\/div>\n<p style=\"text-align: justify;\">LATINA &#8211; Il Liceo scientifico Ettore Majorana di Latina \u00a0festeggia i suoi primi 40 anni. Sabato 28 marzo alle \u00a017 nell\u2019Aula Magna della scuola di Via Sezze si terr\u00e0 un evento che vedr\u00e0 protagonisti uomini e donne che hanno contribuito a formarne l&#8217;identit\u00e0.<\/p>\n<p style=\"text-align: justify;\">La serata sar\u00e0 anche l\u2019occasione per ripercorrere i momenti pi\u00f9 intensi che hanno caratterizzato la vita della scuola, guardando anche al presente e al futuro. Saranno presentate \u00a0le pi\u00f9 recenti innovazioni tecnologiche introdotte, la didattica che vede protagonisti attivi\u00a0gli studenti. Ci sar\u00e0 anche un&#8217;esposizione di opere di pittura e di grafica, mini conferenze sulla storia, l\u2019arte e la cultura del territorio.<\/p>\n<p style=\"text-align: justify;\">&#8220;\u1eba un evento inteso anche come una sorta di giornata di studio \u00a0&#8211; spiegano gli organizzatori &#8211; \u00a0per informare e illustrare al pubblico il modo di \u00a0fare scuola di una comunit\u00e0 educante per nulla rassegnata all\u2019irrilevanza e al vuoto di un sistema d\u2019istruzione che appare inadeguato a dare risposta ai bisogni e alle aspettative dei giovani in un contesto socio-culturale ed economico in rapida e convulsa trasformazione.\u00a0L\u2019auspicio che formuliamo \u00e8 che il progetto, condotto avanti con passione e spirito civico dalla nostra Scuola, trovi l\u2019accoglienza e il sostegno pi\u00f9 larghi. E\u2019 augurabile che gli operatori della scuola trovino al loro fianco gli esponenti delle realt\u00e0 economiche, sociali e culturali del territorio, i decisori politici, le istituzioni, le famiglie&#8221;.<\/p>\n<p style=\"text-align: justify;\">\n","protected":false},"excerpt":{"rendered":"<p>LATINA &#8211; Il Liceo scientifico Ettore Majorana di Latina \u00a0festeggia i suoi primi 40 anni. Sabato 28 marzo alle \u00a017 nell\u2019Aula Magna della scuola di Via Sezze si terr\u00e0 un evento che vedr\u00e0 protagonisti uomini e donne che hanno contribuito a formarne l&#8217;identit\u00e0. La serata sar\u00e0 anche l\u2019occasione per ripercorrere i momenti pi\u00f9 intensi che [&hellip;]<\/p>\n","protected":false},"author":62,"featured_media":107100,"comment_status":"open","ping_status":"closed","sticky":false,"template":"","format":"standard","meta":{"footnotes":""},"categories":[16,248],"tags":[],"class_list":["post-162482","post","type-post","status-publish","format-standard","has-post-thumbnail","hentry","category-appuntamenti","category-istruzione"],"_links":{"self":[{"href":"https:\/\/www.radioluna.it\/news\/wp-json\/wp\/v2\/posts\/162482","targetHints":{"allow":["GET"]}}],"collection":[{"href":"https:\/\/www.radioluna.it\/news\/wp-json\/wp\/v2\/posts"}],"about":[{"href":"https:\/\/www.radioluna.it\/news\/wp-json\/wp\/v2\/types\/post"}],"author":[{"embeddable":true,"href":"https:\/\/www.radioluna.it\/news\/wp-json\/wp\/v2\/users\/62"}],"replies":[{"embeddable":true,"href":"https:\/\/www.radioluna.it\/news\/wp-json\/wp\/v2\/comments?post=162482"}],"version-history":[{"count":0,"href":"https:\/\/www.radioluna.it\/news\/wp-json\/wp\/v2\/posts\/162482\/revisions"}],"wp:featuredmedia":[{"embeddable":true,"href":"https:\/\/www.radioluna.it\/news\/wp-json\/wp\/v2\/media\/107100"}],"wp:attachment":[{"href":"https:\/\/www.radioluna.it\/news\/wp-json\/wp\/v2\/media?parent=162482"}],"wp:term":[{"taxonomy":"category","embeddable":true,"href":"https:\/\/www.radioluna.it\/news\/wp-json\/wp\/v2\/categories?post=162482"},{"taxonomy":"post_tag","embeddable":true,"href":"https:\/\/www.radioluna.it\/news\/wp-json\/wp\/v2\/tags?post=162482"}],"curies":[{"name":"wp","href":"https:\/\/api.w.org\/{rel}","templated":true}]}}