{"id":162579,"date":"2015-03-30T18:33:26","date_gmt":"2015-03-30T16:33:26","guid":{"rendered":"http:\/\/www.radioluna.it\/news\/?p=162579"},"modified":"2015-04-02T19:57:06","modified_gmt":"2015-04-02T17:57:06","slug":"passione-di-cristo-sezze-si-prepara","status":"publish","type":"post","link":"https:\/\/www.radioluna.it\/news\/2015\/03\/passione-di-cristo-sezze-si-prepara\/","title":{"rendered":"Passione di Cristo, Sezze si prepara"},"content":{"rendered":"<div id=\"fb-root\"><\/div>\n<div id=\"attachment_9563\" style=\"width: 310px\" class=\"wp-caption alignleft\"><img loading=\"lazy\" decoding=\"async\" aria-describedby=\"caption-attachment-9563\" class=\"wp-image-9563 size-medium\" src=\"http:\/\/www.radioluna.it\/news\/wp-content\/uploads\/2010\/08\/Sezze2-300x116.jpg\" alt=\"Sezze\" width=\"300\" height=\"116\" srcset=\"https:\/\/www.radioluna.it\/news\/wp-content\/uploads\/2010\/08\/Sezze2-300x116.jpg 300w, https:\/\/www.radioluna.it\/news\/wp-content\/uploads\/2010\/08\/Sezze2-500x195.jpg 500w, https:\/\/www.radioluna.it\/news\/wp-content\/uploads\/2010\/08\/Sezze2.jpg 718w\" sizes=\"auto, (max-width: 300px) 100vw, 300px\" \/><p id=\"caption-attachment-9563\" class=\"wp-caption-text\">Sezze<\/p><\/div>\n<p style=\"text-align: justify;\"><b>SEZZE\u00a0<\/b>&#8211;\u00a0Ci saranno anche Franco Oppini, Edoardo Siravo e Martufello alla Sacra Rappresentazione della Passione di Cristo di Sezze, la sera di Venerd\u00ec Santo (3 aprile 2015).\u00a0I primi due si divideranno il ruolo di Pilato in due diverse scene, mentre Martufello che \u00a0torner\u00e0 ad essere attore nella Passione di Sezze dopo tanti anni di assenza, \u00a0sar\u00e0 in scena nel ruolo del Sommo Sacerdote Caifas. Con loro circa 700 attori e figuranti che daranno vita alla tradizionale Passione per le vie del centro storico del paese lepino.<br \/>\n41 QUADRI &#8211; Saranno quarantuno i quadri tra il Vecchio e il Nuovo Testamento, a rappresentare le varie scene, con vestiti e armature per l&#8217;evento, realizzato dall\u2019Associazione della Passione di Cristo di Sezze in collaborazione con il Comune di Sezze (e il patrocinio del Senato della Repubblica, della Presidenza del Consiglio dei Ministri e della Regione Lazio).<br \/>\nIn particolare in questa edizione diverse scene saranno rappresentate con nuovi contenuti artistici, grazie al meticoloso lavoro svolto dal regista Piero Formicuccia che per l\u2019occasione si \u00e8 avvalso dell\u2019importante consulenza artistica di Cosimo Sferra, direttore artistico dell&#8217; accademia di Teatro Menandro di Roma.<br \/>\n\u201cPer questa edizione abbiamo avuto la possibilit\u00e0 della preziosa collaborazione artistica di Cosimo Sferra , che ci ha affiancato nella cura artistica delle varie scene, fornendo un ulteriore valore aggiunto ad una manifestazione che, grazie alla bravura di tutti gli attori e alla loro grande concentrazione, si conferma di grande livello artistico in ambito nazionale e internazionale \u2013 afferma il regista e direttore artistico dell\u2019evento Piero Formicuccia &#8211; Il nostro ringraziamento al maestro Sferra \u00e8 dovuto anche per la sua grande disponibilit\u00e0 che lo vedr\u00e0 protagonista il Venerd\u00ec Santo come attore nel ruolo di Giuda\u201d.<br \/>\nIl Presidente Elio Magagnoli sottolinea la grande partecipazione dei cittadini di Sezze: \u201cVoglio ringraziare i settecento attori non professionisti che fanno di questo evento una grande manifestazione di popolo ma anche tutto lo staff e i collaboratori dell\u2019Associazione che da mesi sono impegnati nel preparare questo storico evento. Ringrazio anche tutti gli enti e le istituzioni che ci sono vicini e invito tutti a venire a Sezze la sera del Venerd\u00ec Santo per assistere ad una Rappresentazione che, quest\u2019anno, pi\u00f9 di altre edizioni, sono convinto sapr\u00e0 regalarci tante emozioni. Desidero sottolineare che anche per il 2015 la Sacra Rappresentazione della Passione di Cristo di Sezze ha ottenuto il patrocino del Senato della Repubblica, della Presidenza del Consiglio dei Ministri e il finanziamento della Regione Lazio.Naturalmente un ruolo essenziale per la buona riuscita della manifestazione \u00e8 svolta dal Comune di Sezze a cui va un grande ringraziamento, in particolare al Sindaco Andrea Campoli\u201d.<\/p>\n<p style=\"text-align: justify;\">La Passione di Sezze sar\u00e0 trasmessa in diretta televisiva in Eurovisione sui canali del gruppo Lazio TV sia sul digitale terrestre copertura Lazio e Italia sia sul satellite con copertura totale dell\u2019Europa.<br \/>\nPer ulteriori dettagli si pu\u00f2 consultare il sito dell\u2019Associazione della Passione di Cristo all\u2019indirizzo www.passionedisezze.it. su cui \u00e8 possibile vedere la diretta Mondovisione in streaming.<\/p>\n","protected":false},"excerpt":{"rendered":"<p>SEZZE\u00a0&#8211;\u00a0Ci saranno anche Franco Oppini, Edoardo Siravo e Martufello alla Sacra Rappresentazione della Passione di Cristo di Sezze, la sera di Venerd\u00ec Santo (3 aprile 2015).\u00a0I primi due si divideranno il ruolo di Pilato in due diverse scene, mentre Martufello che \u00a0torner\u00e0 ad essere attore nella Passione di Sezze dopo tanti anni di assenza, \u00a0sar\u00e0 [&hellip;]<\/p>\n","protected":false},"author":62,"featured_media":9563,"comment_status":"open","ping_status":"closed","sticky":false,"template":"","format":"standard","meta":{"footnotes":""},"categories":[16],"tags":[],"class_list":["post-162579","post","type-post","status-publish","format-standard","has-post-thumbnail","hentry","category-appuntamenti"],"_links":{"self":[{"href":"https:\/\/www.radioluna.it\/news\/wp-json\/wp\/v2\/posts\/162579","targetHints":{"allow":["GET"]}}],"collection":[{"href":"https:\/\/www.radioluna.it\/news\/wp-json\/wp\/v2\/posts"}],"about":[{"href":"https:\/\/www.radioluna.it\/news\/wp-json\/wp\/v2\/types\/post"}],"author":[{"embeddable":true,"href":"https:\/\/www.radioluna.it\/news\/wp-json\/wp\/v2\/users\/62"}],"replies":[{"embeddable":true,"href":"https:\/\/www.radioluna.it\/news\/wp-json\/wp\/v2\/comments?post=162579"}],"version-history":[{"count":0,"href":"https:\/\/www.radioluna.it\/news\/wp-json\/wp\/v2\/posts\/162579\/revisions"}],"wp:featuredmedia":[{"embeddable":true,"href":"https:\/\/www.radioluna.it\/news\/wp-json\/wp\/v2\/media\/9563"}],"wp:attachment":[{"href":"https:\/\/www.radioluna.it\/news\/wp-json\/wp\/v2\/media?parent=162579"}],"wp:term":[{"taxonomy":"category","embeddable":true,"href":"https:\/\/www.radioluna.it\/news\/wp-json\/wp\/v2\/categories?post=162579"},{"taxonomy":"post_tag","embeddable":true,"href":"https:\/\/www.radioluna.it\/news\/wp-json\/wp\/v2\/tags?post=162579"}],"curies":[{"name":"wp","href":"https:\/\/api.w.org\/{rel}","templated":true}]}}