{"id":163377,"date":"2015-04-21T19:58:46","date_gmt":"2015-04-21T17:58:46","guid":{"rendered":"http:\/\/www.radioluna.it\/news\/?p=163377"},"modified":"2015-04-23T08:06:52","modified_gmt":"2015-04-23T06:06:52","slug":"al-manzoni-piu-sicurezza-per-gli-studenti-cartelli-luminosi-e-divieti-di-sosta","status":"publish","type":"post","link":"https:\/\/www.radioluna.it\/news\/2015\/04\/al-manzoni-piu-sicurezza-per-gli-studenti-cartelli-luminosi-e-divieti-di-sosta\/","title":{"rendered":"Al Manzoni pi\u00f9 sicurezza per gli studenti, cartelli luminosi e divieti di sosta"},"content":{"rendered":"<div id=\"fb-root\"><\/div>\n<div id=\"attachment_47700\" style=\"width: 160px\" class=\"wp-caption alignleft\"><img loading=\"lazy\" decoding=\"async\" aria-describedby=\"caption-attachment-47700\" class=\"size-thumbnail wp-image-47700\" src=\"http:\/\/www.radioluna.it\/news\/wp-content\/uploads\/2010\/12\/manzoni-3-150x150.jpg\" alt=\"Il liceo Manzoni di Latina\" width=\"150\" height=\"150\" srcset=\"https:\/\/www.radioluna.it\/news\/wp-content\/uploads\/2010\/12\/manzoni-3-150x150.jpg 150w, https:\/\/www.radioluna.it\/news\/wp-content\/uploads\/2010\/12\/manzoni-3-300x300.jpg 300w, https:\/\/www.radioluna.it\/news\/wp-content\/uploads\/2010\/12\/manzoni-3-80x80.jpg 80w, https:\/\/www.radioluna.it\/news\/wp-content\/uploads\/2010\/12\/manzoni-3-35x35.jpg 35w, https:\/\/www.radioluna.it\/news\/wp-content\/uploads\/2010\/12\/manzoni-3-55x55.jpg 55w, https:\/\/www.radioluna.it\/news\/wp-content\/uploads\/2010\/12\/manzoni-3-45x45.jpg 45w, https:\/\/www.radioluna.it\/news\/wp-content\/uploads\/2010\/12\/manzoni-3-70x70.jpg 70w, https:\/\/www.radioluna.it\/news\/wp-content\/uploads\/2010\/12\/manzoni-3-110x110.jpg 110w\" sizes=\"auto, (max-width: 150px) 100vw, 150px\" \/><p id=\"caption-attachment-47700\" class=\"wp-caption-text\">Il liceo Manzoni di Latina<\/p><\/div>\n<p style=\"text-align: justify;\"><strong>LATINA<\/strong> &#8211; Si \u00e8 parlato delle problematiche legate alla sicurezza degli studenti, valutando diverse soluzioni da realizzare a breve, ma anche di carenza di spazi e aule. Dopo l&#8217;incidente avvenuto all\u2019ingresso della scuola Manzoni di Latina, questa mattina l&#8217;assessore ai trasporti del Comune di Latina, Enrico Tiero, ha incontrato il preside dell\u2019Istituto, Altobelli.<\/p>\n<p style=\"text-align: justify;\">Tra gli interventi \u00e8 stato deciso di apporre dei cartelli luminosi ai lati dell\u2019attraversamento, per segnalare il pericolo.<br \/>\nSi \u00e8 esclusa poi la realizzazione di dossi in viale Le Corbusier, in quanto strada ad alto scorrimento e i dossi ostacolerebbero il passaggio dei mezzi di soccorso. &#8220;Si \u00e8 deciso poi di incentivare l\u2019utilizzo dell\u2019altro ingresso della scuola, quello di Via Magenta &#8211; spiega l&#8217;assessore \u00a0&#8211; \u00a0per cui si provveder\u00e0 ad apporre alcuni divieti di sosta all\u2019ingresso di questa via per agevolarne la viabilit\u00e0. Inoltre \u00e8 stata presa in considerazione la richiesta di realizzare un parcheggio per disabili in viale Le Corbusier mentre da gioved\u00ec entrer\u00e0 in funzione anche un servizio di pattuglia dei vigili urbani all\u2019ingresso della scuola.\u00a0Si \u00e8 pensato poi di spostare la fermata dell\u2019autobus in via Villafranca avvicinandola all\u2019ingresso di via Magenta per incentivare gli studenti ad usare quella fermata pi\u00f9 vicina alla scuola rispetto alle autolinee&#8221;.\u00a0Gioved\u00ec gli incaricati dei lavori inizieranno i sopralluoghi necessari per definire le operazioni di intervento.<\/p>\n<p style=\"text-align: justify;\">&#8220;L\u2019incontro \u00a0&#8211; afferma Tiero &#8211; \u00e8 stato utile anche per confrontarsi su altri problemi che interessano la scuola soprattutto riguardo alla necessit\u00e0 di nuove aule e nuovi spazi. Ci siamo quindi resi disponibili a discuterne con la Provincia.\u00a0L\u2019istituto Manzoni \u00e8 una scuola importante per la nostra citt\u00e0 che conta 1.300 iscritti. Una realt\u00e0 da tutelare e valorizzare\u201d.<\/p>\n<div class=\"radio-posizionamento-telefono-in-articoli-dopo-il-contenuto-articolo radio-entity-placement\" id=\"radio-4044814013\"><div id=\"radio-3233898651\"><a href=\"https:\/\/www.simeoneceramiche.com\/\" aria-label=\"SIMEONE CERAMICHE GIF animata per radioluna_Tavola disegno 1 copia 2 (online-video-cutter.com)\"><img loading=\"lazy\" decoding=\"async\" src=\"https:\/\/www.radioluna.it\/news\/wp-content\/uploads\/2025\/05\/SIMEONE-CERAMICHE-GIF-animata-per-radioluna_Tavola-disegno-1-copia-2-online-video-cutter.com_.gif\" alt=\"\"  width=\"300\" height=\"250\"   \/><\/a><\/div><\/div>","protected":false},"excerpt":{"rendered":"<p>LATINA &#8211; Si \u00e8 parlato delle problematiche legate alla sicurezza degli studenti, valutando diverse soluzioni da realizzare a breve, ma anche di carenza di spazi e aule. Dopo l&#8217;incidente avvenuto all\u2019ingresso della scuola Manzoni di Latina, questa mattina l&#8217;assessore ai trasporti del Comune di Latina, Enrico Tiero, ha incontrato il preside dell\u2019Istituto, Altobelli. Tra gli [&hellip;]<\/p>\n","protected":false},"author":60,"featured_media":47700,"comment_status":"open","ping_status":"closed","sticky":false,"template":"","format":"standard","meta":{"footnotes":""},"categories":[248],"tags":[],"class_list":["post-163377","post","type-post","status-publish","format-standard","has-post-thumbnail","hentry","category-istruzione"],"_links":{"self":[{"href":"https:\/\/www.radioluna.it\/news\/wp-json\/wp\/v2\/posts\/163377","targetHints":{"allow":["GET"]}}],"collection":[{"href":"https:\/\/www.radioluna.it\/news\/wp-json\/wp\/v2\/posts"}],"about":[{"href":"https:\/\/www.radioluna.it\/news\/wp-json\/wp\/v2\/types\/post"}],"author":[{"embeddable":true,"href":"https:\/\/www.radioluna.it\/news\/wp-json\/wp\/v2\/users\/60"}],"replies":[{"embeddable":true,"href":"https:\/\/www.radioluna.it\/news\/wp-json\/wp\/v2\/comments?post=163377"}],"version-history":[{"count":0,"href":"https:\/\/www.radioluna.it\/news\/wp-json\/wp\/v2\/posts\/163377\/revisions"}],"wp:featuredmedia":[{"embeddable":true,"href":"https:\/\/www.radioluna.it\/news\/wp-json\/wp\/v2\/media\/47700"}],"wp:attachment":[{"href":"https:\/\/www.radioluna.it\/news\/wp-json\/wp\/v2\/media?parent=163377"}],"wp:term":[{"taxonomy":"category","embeddable":true,"href":"https:\/\/www.radioluna.it\/news\/wp-json\/wp\/v2\/categories?post=163377"},{"taxonomy":"post_tag","embeddable":true,"href":"https:\/\/www.radioluna.it\/news\/wp-json\/wp\/v2\/tags?post=163377"}],"curies":[{"name":"wp","href":"https:\/\/api.w.org\/{rel}","templated":true}]}}