{"id":163660,"date":"2015-04-30T08:52:10","date_gmt":"2015-04-30T06:52:10","guid":{"rendered":"http:\/\/www.radioluna.it\/news\/?p=163660"},"modified":"2015-04-30T08:52:10","modified_gmt":"2015-04-30T06:52:10","slug":"difendiamo-il-corpo-forestale-dello-stato","status":"publish","type":"post","link":"https:\/\/www.radioluna.it\/news\/2015\/04\/difendiamo-il-corpo-forestale-dello-stato\/","title":{"rendered":"&#8220;Difendiamo il Corpo Forestale dello Stato&#8221;"},"content":{"rendered":"<div id=\"fb-root\"><\/div>\n<div id=\"attachment_162280\" style=\"width: 271px\" class=\"wp-caption alignleft\"><img loading=\"lazy\" decoding=\"async\" aria-describedby=\"caption-attachment-162280\" class=\"wp-image-162280 size-full\" src=\"http:\/\/www.radioluna.it\/news\/wp-content\/uploads\/2015\/03\/VISTA-AEREA-DI-NINFA-GIULIVO.jpg\" alt=\"Vista aerea del Giardino di Ninfa\" width=\"261\" height=\"173\" \/><p id=\"caption-attachment-162280\" class=\"wp-caption-text\">Vista aerea del Giardino di Ninfa<\/p><\/div>\n<p style=\"text-align: justify;\"><strong>LATINA<\/strong> &#8211; La Fondazione Roffredo Caetani che gestisce il Monumento Naturale del Giardino di Ninfa si schiera a difesa dell&#8217;autonomia e della permanenza in vita del Corpo Forestale dello Stato. In una delibera ratificata dal Consiglio direttivo, il Presidente Piergiacomo Sottoriva sottolinea l&#8217;importanza della specialit\u00e0 per la salvaguardia del verde e la lotta alle varie forme di illegalit\u00e0 e il ruolo specifico\u00a0che il Corpo Forestale dello Stato ha avuto in particolare nella realt\u00e0 della provincia di Latina dove &#8220;ha esercitato con fermezza ed attenzione un ruolo di salvataggio del Parco Nazionale del Circeo, nel momento in cui esso rischiava di essere cancellato dai luoghi individuati dall\u2019Unesco come luogo simbolo della qualit\u00e0 della vita;\u00a0si \u00e8 adoperato in ogni modo contro i reati ambientali che hanno minacciato la integrit\u00e0 e la qualit\u00e0 del territorio terrestre e marittimo nonch\u00e9 la salvaguardia della biodiversit\u00e0 e della persistenza di biodiversit\u00e0 animale&#8221;.<\/p>\n<p style=\"text-align: justify;\">Per questo\u00a0delibera di \u00a0&#8220;chiedere al Presidente del Consiglio ed ai Ministri pro tempore della Repubblica di scongiurare l\u2019assorbimento del Corpo forestale dello Stato in altre forze di polizia, e di mantenerlo in vita, garantendo la sua autonomia anche attraverso una razionalizzazione ed una riorganizzazione delle funzioni e delle modalit\u00e0 di intervento;\u00a0di fare in modo che esso venga rafforzato in termini di organico e di competenze specialistiche, affinch\u00e9 si configuri sempre pi\u00f9 nettamente quale organo nazionale specializzato nella tutela e nella salvaguardia dell\u2019ambiente, del territorio, delle foreste, del patrimonio agroalimentare e della biodiversit\u00e0, a servizio di questa Comunit\u00e0 locale e dell\u2019intero Paese&#8221;.<\/p>\n<p>IL TESTO DELLA DELIBERA &#8211; LEGGI<\/p>\n<p><a href=\"http:\/\/www.radioluna.it\/news\/wp-content\/uploads\/2015\/04\/CORPO-FORESTALE-DELLO-STATO-DELIBERA__-1.rtf\">CORPO FORESTALE DELLO STATO DELIBERA__ (1)<\/a><\/p>\n","protected":false},"excerpt":{"rendered":"<p>LATINA &#8211; La Fondazione Roffredo Caetani che gestisce il Monumento Naturale del Giardino di Ninfa si schiera a difesa dell&#8217;autonomia e della permanenza in vita del Corpo Forestale dello Stato. In una delibera ratificata dal Consiglio direttivo, il Presidente Piergiacomo Sottoriva sottolinea l&#8217;importanza della specialit\u00e0 per la salvaguardia del verde e la lotta alle varie [&hellip;]<\/p>\n","protected":false},"author":60,"featured_media":162280,"comment_status":"open","ping_status":"closed","sticky":false,"template":"","format":"standard","meta":{"footnotes":""},"categories":[12],"tags":[],"class_list":["post-163660","post","type-post","status-publish","format-standard","has-post-thumbnail","hentry","category-ambiente"],"_links":{"self":[{"href":"https:\/\/www.radioluna.it\/news\/wp-json\/wp\/v2\/posts\/163660","targetHints":{"allow":["GET"]}}],"collection":[{"href":"https:\/\/www.radioluna.it\/news\/wp-json\/wp\/v2\/posts"}],"about":[{"href":"https:\/\/www.radioluna.it\/news\/wp-json\/wp\/v2\/types\/post"}],"author":[{"embeddable":true,"href":"https:\/\/www.radioluna.it\/news\/wp-json\/wp\/v2\/users\/60"}],"replies":[{"embeddable":true,"href":"https:\/\/www.radioluna.it\/news\/wp-json\/wp\/v2\/comments?post=163660"}],"version-history":[{"count":0,"href":"https:\/\/www.radioluna.it\/news\/wp-json\/wp\/v2\/posts\/163660\/revisions"}],"wp:featuredmedia":[{"embeddable":true,"href":"https:\/\/www.radioluna.it\/news\/wp-json\/wp\/v2\/media\/162280"}],"wp:attachment":[{"href":"https:\/\/www.radioluna.it\/news\/wp-json\/wp\/v2\/media?parent=163660"}],"wp:term":[{"taxonomy":"category","embeddable":true,"href":"https:\/\/www.radioluna.it\/news\/wp-json\/wp\/v2\/categories?post=163660"},{"taxonomy":"post_tag","embeddable":true,"href":"https:\/\/www.radioluna.it\/news\/wp-json\/wp\/v2\/tags?post=163660"}],"curies":[{"name":"wp","href":"https:\/\/api.w.org\/{rel}","templated":true}]}}