{"id":163725,"date":"2015-05-02T17:28:38","date_gmt":"2015-05-02T15:28:38","guid":{"rendered":"http:\/\/www.radioluna.it\/news\/?p=163725"},"modified":"2015-05-02T17:35:59","modified_gmt":"2015-05-02T15:35:59","slug":"il-pd-apre-a-forza-italia-mozione-contro-di-giorgi","status":"publish","type":"post","link":"https:\/\/www.radioluna.it\/news\/2015\/05\/il-pd-apre-a-forza-italia-mozione-contro-di-giorgi\/","title":{"rendered":"Il Pd apre a Forza Italia mozione contro Di Giorgi"},"content":{"rendered":"<div id=\"fb-root\"><\/div>\n<p style=\"text-align: justify;\"><img loading=\"lazy\" decoding=\"async\" class=\" size-thumbnail wp-image-158226 aligncenter\" src=\"http:\/\/www.radioluna.it\/news\/wp-content\/uploads\/2014\/11\/sindaco-consiglio-com-26-nov-635x357.jpg\" alt=\"sindaco consiglio com 26 nov\" width=\"635\" height=\"357\" srcset=\"https:\/\/www.radioluna.it\/news\/wp-content\/uploads\/2014\/11\/sindaco-consiglio-com-26-nov-635x357.jpg 635w, https:\/\/www.radioluna.it\/news\/wp-content\/uploads\/2014\/11\/sindaco-consiglio-com-26-nov-300x169.jpg 300w, https:\/\/www.radioluna.it\/news\/wp-content\/uploads\/2014\/11\/sindaco-consiglio-com-26-nov-768x432.jpg 768w, https:\/\/www.radioluna.it\/news\/wp-content\/uploads\/2014\/11\/sindaco-consiglio-com-26-nov-500x281.jpg 500w, https:\/\/www.radioluna.it\/news\/wp-content\/uploads\/2014\/11\/sindaco-consiglio-com-26-nov-1024x576.jpg 1024w, https:\/\/www.radioluna.it\/news\/wp-content\/uploads\/2014\/11\/sindaco-consiglio-com-26-nov-800x450.jpg 800w, https:\/\/www.radioluna.it\/news\/wp-content\/uploads\/2014\/11\/sindaco-consiglio-com-26-nov.jpg 1000w\" sizes=\"auto, (max-width: 635px) 100vw, 635px\" \/><\/p>\n<p style=\"text-align: justify;\"><strong>LATINA<\/strong> &#8211; La segreteria comunale del Pd ed il gruppo consiliare sfiduciano l&#8217;amministrazione comunale di Latina. &lt;La decisione di presentare una mozione di sfiducia &#8211; spiegano il segretario Quattrola ed il capogruppo Cozzolino &#8211; \u00e8 la presa d&#8217;atto che a Latina non esiste pi\u00f9 una maggioranza, \u00a0non c&#8217;\u00e8 pi\u00f9 un governo che possa decidere il bene della citt\u00e0. Proprio per questo crediamo che sia giunto il momento di concludere l&#8217;esperienza politica di Di Giorgi e di dare la citt\u00e0 in mano ad un Commissario che possa traghettare Latina fino alle prossime elezioni del 2016. Durante l&#8217;ultimo consiglio comunale &#8211; aggiungono \u00a0&#8211; i consiglieri di Forza Italia hanno deciso di lasciare la maggioranza ed abbandonare tutte le proprie deleghe. La loro decisione \u00e8 stata giustificata con il cattivo lavoro di questi mesi e le non decisioni portate avanti da Di Giorgi. Ora gli stessi consiglieri di maggioranza che appena qualche giorno fa hanno dimostrato di condividere il pensiero e le argomentazioni che il Pd porta avanti da mesi, sono invitati dal Pd a firmare la nostra mozione&gt;.<\/p>\n","protected":false},"excerpt":{"rendered":"<p>LATINA &#8211; La segreteria comunale del Pd ed il gruppo consiliare sfiduciano l&#8217;amministrazione comunale di Latina. &lt;La decisione di presentare una mozione di sfiducia &#8211; spiegano il segretario Quattrola ed il capogruppo Cozzolino &#8211; \u00e8 la presa d&#8217;atto che a Latina non esiste pi\u00f9 una maggioranza, \u00a0non c&#8217;\u00e8 pi\u00f9 un governo che possa decidere il [&hellip;]<\/p>\n","protected":false},"author":60,"featured_media":158226,"comment_status":"open","ping_status":"closed","sticky":false,"template":"","format":"standard","meta":{"footnotes":""},"categories":[8],"tags":[],"class_list":["post-163725","post","type-post","status-publish","format-standard","has-post-thumbnail","hentry","category-politica"],"_links":{"self":[{"href":"https:\/\/www.radioluna.it\/news\/wp-json\/wp\/v2\/posts\/163725","targetHints":{"allow":["GET"]}}],"collection":[{"href":"https:\/\/www.radioluna.it\/news\/wp-json\/wp\/v2\/posts"}],"about":[{"href":"https:\/\/www.radioluna.it\/news\/wp-json\/wp\/v2\/types\/post"}],"author":[{"embeddable":true,"href":"https:\/\/www.radioluna.it\/news\/wp-json\/wp\/v2\/users\/60"}],"replies":[{"embeddable":true,"href":"https:\/\/www.radioluna.it\/news\/wp-json\/wp\/v2\/comments?post=163725"}],"version-history":[{"count":0,"href":"https:\/\/www.radioluna.it\/news\/wp-json\/wp\/v2\/posts\/163725\/revisions"}],"wp:featuredmedia":[{"embeddable":true,"href":"https:\/\/www.radioluna.it\/news\/wp-json\/wp\/v2\/media\/158226"}],"wp:attachment":[{"href":"https:\/\/www.radioluna.it\/news\/wp-json\/wp\/v2\/media?parent=163725"}],"wp:term":[{"taxonomy":"category","embeddable":true,"href":"https:\/\/www.radioluna.it\/news\/wp-json\/wp\/v2\/categories?post=163725"},{"taxonomy":"post_tag","embeddable":true,"href":"https:\/\/www.radioluna.it\/news\/wp-json\/wp\/v2\/tags?post=163725"}],"curies":[{"name":"wp","href":"https:\/\/api.w.org\/{rel}","templated":true}]}}