{"id":163738,"date":"2015-05-04T08:35:23","date_gmt":"2015-05-04T06:35:23","guid":{"rendered":"http:\/\/www.radioluna.it\/news\/?p=163738"},"modified":"2015-05-05T07:21:18","modified_gmt":"2015-05-05T05:21:18","slug":"come-proseguire-la-gestione-dei-rifiuti-a-latina-oggi-il-consiglio-straordinario-sul-dopo-latina-ambiente","status":"publish","type":"post","link":"https:\/\/www.radioluna.it\/news\/2015\/05\/come-proseguire-la-gestione-dei-rifiuti-a-latina-oggi-il-consiglio-straordinario-sul-dopo-latina-ambiente\/","title":{"rendered":"Come proseguire la gestione dei rifiuti a Latina? Oggi il consiglio straordinario sul dopo Latina Ambiente"},"content":{"rendered":"<div id=\"fb-root\"><\/div>\n<div id=\"attachment_163408\" style=\"width: 645px\" class=\"wp-caption aligncenter\"><img loading=\"lazy\" decoding=\"async\" aria-describedby=\"caption-attachment-163408\" class=\"size-thumbnail wp-image-163408\" src=\"http:\/\/www.radioluna.it\/news\/wp-content\/uploads\/2015\/04\/latina-ambiente-2-635x357.jpg\" alt=\"I lavoratori della Latina Ambiente manifestano sotto il Comune\" width=\"635\" height=\"357\" srcset=\"https:\/\/www.radioluna.it\/news\/wp-content\/uploads\/2015\/04\/latina-ambiente-2-635x357.jpg 635w, https:\/\/www.radioluna.it\/news\/wp-content\/uploads\/2015\/04\/latina-ambiente-2-768x432.jpg 768w, https:\/\/www.radioluna.it\/news\/wp-content\/uploads\/2015\/04\/latina-ambiente-2-500x281.jpg 500w, https:\/\/www.radioluna.it\/news\/wp-content\/uploads\/2015\/04\/latina-ambiente-2-300x169.jpg 300w, https:\/\/www.radioluna.it\/news\/wp-content\/uploads\/2015\/04\/latina-ambiente-2-1024x576.jpg 1024w, https:\/\/www.radioluna.it\/news\/wp-content\/uploads\/2015\/04\/latina-ambiente-2-800x450.jpg 800w, https:\/\/www.radioluna.it\/news\/wp-content\/uploads\/2015\/04\/latina-ambiente-2.jpg 1000w\" sizes=\"auto, (max-width: 635px) 100vw, 635px\" \/><p id=\"caption-attachment-163408\" class=\"wp-caption-text\">I lavoratori della Latina Ambiente manifestano sotto il Comune<\/p><\/div>\n<p style=\"text-align: justify;\"><strong>LATINA<\/strong> &#8211;\u00a0Sullo sfondo della la crisi aperta da Forza Italia nel capoluogo e con la mozione di sfiducia presentata dal Pd (cui potrebbe aggiungersi quella degli azzurri) si aprir\u00e0 nel primo pomeriggio di oggi il consiglio comunale che deve dibattere (per approdare ad una soluzione) la questione del dopo Latina Ambiente. &#8220;Gestione del servizio di igiene urbana&#8221;, il punto unico: l&#8217;aria non \u00e8 delle migliori per discutere l&#8217;argomento, ma tant&#8217;\u00e8.<\/p>\n<p style=\"text-align: justify;\">Non si tratta della solita seduta sui rifiuti, ma di una seduta straordinaria per scegliere come proseguire la gestione del servizio che vale milioni di euro, un centinaio, dal momento che il contratto con l&#8217;attuale gestore scadr\u00e0 a fine 2015, dunque fra pochi mesi. Societ\u00e0 mista, municipalizzata o gestore esterno da trovare con una gara europea? A questa domanda dovr\u00e0 rispondere l&#8217;assise di fatto ormai senza una maggioranza.\u00a0Tutte le soluzioni oggi appaiono aperte. Il consiglio \u00e8 convocato per le 14,30.<\/p>\n<p style=\"text-align: justify;\">I SINDACATI &#8211; Nell&#8217;aula consiliare del comune di Latina si sono dati appuntamento anche i lavoratori della societ\u00e0 mista che nei giorni scorsi hanno manifestato preoccupati per le sorti del proprio posto di lavoro. Lo annunciano i sindacati. &#8220;Nell&#8217; assemblea si decider\u00e0 del futuro di circa 300 lavoratori legati sia all&#8217; indotto che direttamente assunti presso la Latina Ambiente &#8211; scrive in una nota Armando Valiani \u00a0&#8211;\u00a0Come sindacato non vogliamo entrare nel merito del dibattito politico, ma chiediamo che il Consiglio Comunale abbia come priorit\u00e0 il bene della citt\u00e0 e dei propri cittadini; le nostre priorit\u00e0 sono legate alla tutela del lavoro e dei lavoratori&#8221;. Per Valiani chi parla di &#8220;gara europea o partecipata al 100 % non valuta le dannose ripercussioni che tale eventualit\u00e0 potrebbe avere sui lavoratori e sull&#8217;intera economia della nostra citt\u00e0&#8221;.<br \/>\nL&#8217;idea dei sindacati \u00e8 la partecipazione in &#8220;House Proving, una scelta che metterebbe i lavoratori in una continuit\u00e0 sia contrattuale che lavorativa. Di contro una gara europea &#8211; concludono &#8211; \u00a0da una parte potrebbe garantire parte dei posti di lavoro ma i contratti rientrerebbero nella nuova categoria a tutela crescente&#8221;.<\/p>\n","protected":false},"excerpt":{"rendered":"<p>LATINA &#8211;\u00a0Sullo sfondo della la crisi aperta da Forza Italia nel capoluogo e con la mozione di sfiducia presentata dal Pd (cui potrebbe aggiungersi quella degli azzurri) si aprir\u00e0 nel primo pomeriggio di oggi il consiglio comunale che deve dibattere (per approdare ad una soluzione) la questione del dopo Latina Ambiente. &#8220;Gestione del servizio di [&hellip;]<\/p>\n","protected":false},"author":62,"featured_media":163408,"comment_status":"open","ping_status":"closed","sticky":false,"template":"","format":"standard","meta":{"footnotes":""},"categories":[8],"tags":[],"class_list":["post-163738","post","type-post","status-publish","format-standard","has-post-thumbnail","hentry","category-politica"],"_links":{"self":[{"href":"https:\/\/www.radioluna.it\/news\/wp-json\/wp\/v2\/posts\/163738","targetHints":{"allow":["GET"]}}],"collection":[{"href":"https:\/\/www.radioluna.it\/news\/wp-json\/wp\/v2\/posts"}],"about":[{"href":"https:\/\/www.radioluna.it\/news\/wp-json\/wp\/v2\/types\/post"}],"author":[{"embeddable":true,"href":"https:\/\/www.radioluna.it\/news\/wp-json\/wp\/v2\/users\/62"}],"replies":[{"embeddable":true,"href":"https:\/\/www.radioluna.it\/news\/wp-json\/wp\/v2\/comments?post=163738"}],"version-history":[{"count":0,"href":"https:\/\/www.radioluna.it\/news\/wp-json\/wp\/v2\/posts\/163738\/revisions"}],"wp:featuredmedia":[{"embeddable":true,"href":"https:\/\/www.radioluna.it\/news\/wp-json\/wp\/v2\/media\/163408"}],"wp:attachment":[{"href":"https:\/\/www.radioluna.it\/news\/wp-json\/wp\/v2\/media?parent=163738"}],"wp:term":[{"taxonomy":"category","embeddable":true,"href":"https:\/\/www.radioluna.it\/news\/wp-json\/wp\/v2\/categories?post=163738"},{"taxonomy":"post_tag","embeddable":true,"href":"https:\/\/www.radioluna.it\/news\/wp-json\/wp\/v2\/tags?post=163738"}],"curies":[{"name":"wp","href":"https:\/\/api.w.org\/{rel}","templated":true}]}}