{"id":163793,"date":"2015-05-05T10:56:12","date_gmt":"2015-05-05T08:56:12","guid":{"rendered":"http:\/\/www.radioluna.it\/news\/?p=163793"},"modified":"2015-05-05T10:56:12","modified_gmt":"2015-05-05T08:56:12","slug":"walter-veltroni-al-grassi-con-i-bambini-sanno","status":"publish","type":"post","link":"https:\/\/www.radioluna.it\/news\/2015\/05\/walter-veltroni-al-grassi-con-i-bambini-sanno\/","title":{"rendered":"Walter Veltroni al Grassi con &#8220;I bambini sanno&#8221;"},"content":{"rendered":"<div id=\"fb-root\"><\/div>\n<p style=\"text-align: justify;\"><strong><img loading=\"lazy\" decoding=\"async\" class=\"aligncenter size-full wp-image-163794\" src=\"http:\/\/www.radioluna.it\/news\/wp-content\/uploads\/2015\/05\/VELTRONI.jpg\" alt=\"VELTRONI\" width=\"488\" height=\"300\" srcset=\"https:\/\/www.radioluna.it\/news\/wp-content\/uploads\/2015\/05\/VELTRONI.jpg 488w, https:\/\/www.radioluna.it\/news\/wp-content\/uploads\/2015\/05\/VELTRONI-300x184.jpg 300w\" sizes=\"auto, (max-width: 488px) 100vw, 488px\" \/>LATINA<\/strong> &#8211; Walter Veltroni presenter\u00e0 domani (mercoled\u00ec 6 maggio) al\u00a0liceo scientifico G.B.Grassi di Latina (alle 10.30) \u201cI bambini sanno\u201d, il suo ultimo film nelle sale cinematografiche dal 23 aprile. L&#8217;appuntamento fa parte DI Lievito, la rassegna di Rinascita Civile che si concluder\u00e0 l&#8217;8 maggio.<\/p>\n<p style=\"text-align: justify;\">Il doc \u00a0&#8211; come \u00a0spiega l&#8217;autore &#8211; \u00abprova a fotografare l&#8217;Italia di oggi attraverso la percezione della vita che hanno i bambini tra i 9 e i 13 anni\u00bb. Trentanove in tutti i protagonisti del film: quello che vive in un campo nomadi e vede il mare per la prima volta facendo il suo primo tuffo; il figlio di immigrati\u00a0che alla vigilia delle riprese vernicia il seminterrato in cui abita per renderlo pi\u00f9 bello; i figli di famiglie benestanti e di genitori che rischiano la disoccupazione; c\u2019\u00e8\u00a0chi ha perso il padre\u00a0da poco, chi ha conosciuto l\u2019ospedale e la malattia, chi censura la separazione dei genitori perch\u00e9 fa male e racconta una storia diversa; c\u2019\u00e8 quello pi\u00f9 fortunato che ha una bellissima casa e una vita privilegiata, ma che ha anche le inquietudini di tutti gli altri, perch\u00e9 i bambini, ricchi o poveri, si assomigliano tutti. Veltroni li intervista uno a uno nell\u2019intimit\u00e0 delle loro camerette. Tutti parlano di amore, di dolore, di crisi e soprattutto di sogni esprimendosi senza filtri, senza badare alla telecamera, con la spontaneit\u00e0 che solo i bambini sanno avere, con un acume e una profondit\u00e0 disarmanti.<\/p>\n<p style=\"text-align: justify;\"><strong>GLI ALTRI APPUNTAMENTI \u00a0NELLE SCUOLE<\/strong> &#8211; Il tour di Lievito nelle scuole far\u00e0 tappa ancora gioved\u00ec 7 maggio\u00a0al Galilei-Sani con \u201cViaggio nelle fonti rinnovabili: un caso concreto nel nostro territorio\u201d, gli studenti dell\u2019istituto potranno incontrare alle 11.20 Andrea Fabbri e Lamberto Gravina, quest\u2019ultimo amministratore delegato presso Esco Biogas.<\/p>\n<p style=\"text-align: justify;\">La sezione Saperi dedicata agli istituti della citt\u00e0 si chiuder\u00e0 l\u20198 maggio con Ambrogio Sparagna. Il musicista sar\u00e0 prima alla Giuseppe Giuliano (8.30), poi al comprensivo XII di Borgo Faiti per raccontare agli alunni \u201cTrillill\u00ec nel paese con le ali\u201d, libro di narrativa per ragazzi nato per divulgare la musica tradizionale orale\u00a0tra le nuove generazioni. Insieme con Sparagna ci sar\u00e0 Anna Rita Colaianni, coautrice del lavoro.<\/p>\n<p style=\"text-align: justify;\"><strong>TEATRO<\/strong> &#8211; \u00a0\u201cProseguendo Lievito\u201d ci conduce ancora a teatro per il dramma in tre atti scritto da Renato Gabriele \u201cGiardino di Mangrovie\u201d. Dopo il debutto ad agosto dello scorso anno sulle rive del lago di Fogliano la pi\u00e8ce, interpretata da Elisabetta Femiano ed Emanuele Vezzoli con Danilo Proia alla regia e prodotta dall\u2019associazione Villaggio Fogliano, sar\u00e0 per la prima volta rappresentata in un teatro. Lievito la porta al Cafaro il 7 maggio alle ore 21.00. In scena, la palude fisica e intellettuale dei due protagonisti che scoprono la frustrazione di non essere quel che avrebbero voluto. \u00abIl lavoro racconta la perdita, la mancanza, la distanza \u2013 spiega Gabriele &#8211; e lo fa da una prospettiva straniata, riducendo il mondo al suo rovescio metafisico. Ne risulta l&#8217;ineluttabilit\u00e0 della negazione, che diviene scelta etica quando la rinunzia \u00e8 professata come estrema e strenua difesa della libert\u00e0 individuale. I personaggi del dramma sono tratteggiati in un &#8220;tutto tondo&#8221; psicologico e nella loro intima sostanza umana, nelle accensioni della ribellione, nel loro poetico confronto con la memoria di s\u00e9, nello scorato ripiegamento di fronte all\u2019impossibilit\u00e0 di ogni pratica virtuosa. Questo \u00e8 uno spettacolo di ricerca \u2013 sottolinea ancora l\u2018autore &#8211; un dramma che converge sulla desolazione dell\u2019uomo rappresentata da due personaggi che si rimandano l\u2019un l\u2019altro considerazioni sulla vita e sul mondo finch\u00e9 lo spettatore non si accorge che i due profili quasi coincidono e sono facce della stessa medaglia, la parte in luce e la parte in ombra presenti in ciascuno di noi\u00bb. La serata si chiuder\u00e0 con gli interventi di Gabriele e del regista previsti per l\u2019incontro \u201cDal testo alla scena\u201d successivo alla rappresentazione a cui parteciperanno anche Sandro Gros Pietro e Anna Eugenia Morini.<\/p>\n<p>(Biglietto intero \u20ac10,00, ridotto \u20ac8,00. Per informazioni e prevendite: Infopoint Palazzo M).<\/p>\n","protected":false},"excerpt":{"rendered":"<p>LATINA &#8211; Walter Veltroni presenter\u00e0 domani (mercoled\u00ec 6 maggio) al\u00a0liceo scientifico G.B.Grassi di Latina (alle 10.30) \u201cI bambini sanno\u201d, il suo ultimo film nelle sale cinematografiche dal 23 aprile. L&#8217;appuntamento fa parte DI Lievito, la rassegna di Rinascita Civile che si concluder\u00e0 l&#8217;8 maggio. Il doc \u00a0&#8211; come \u00a0spiega l&#8217;autore &#8211; \u00abprova a fotografare l&#8217;Italia [&hellip;]<\/p>\n","protected":false},"author":62,"featured_media":163794,"comment_status":"open","ping_status":"closed","sticky":false,"template":"","format":"standard","meta":{"footnotes":""},"categories":[16,15],"tags":[],"class_list":["post-163793","post","type-post","status-publish","format-standard","has-post-thumbnail","hentry","category-appuntamenti","category-cultura"],"_links":{"self":[{"href":"https:\/\/www.radioluna.it\/news\/wp-json\/wp\/v2\/posts\/163793","targetHints":{"allow":["GET"]}}],"collection":[{"href":"https:\/\/www.radioluna.it\/news\/wp-json\/wp\/v2\/posts"}],"about":[{"href":"https:\/\/www.radioluna.it\/news\/wp-json\/wp\/v2\/types\/post"}],"author":[{"embeddable":true,"href":"https:\/\/www.radioluna.it\/news\/wp-json\/wp\/v2\/users\/62"}],"replies":[{"embeddable":true,"href":"https:\/\/www.radioluna.it\/news\/wp-json\/wp\/v2\/comments?post=163793"}],"version-history":[{"count":0,"href":"https:\/\/www.radioluna.it\/news\/wp-json\/wp\/v2\/posts\/163793\/revisions"}],"wp:featuredmedia":[{"embeddable":true,"href":"https:\/\/www.radioluna.it\/news\/wp-json\/wp\/v2\/media\/163794"}],"wp:attachment":[{"href":"https:\/\/www.radioluna.it\/news\/wp-json\/wp\/v2\/media?parent=163793"}],"wp:term":[{"taxonomy":"category","embeddable":true,"href":"https:\/\/www.radioluna.it\/news\/wp-json\/wp\/v2\/categories?post=163793"},{"taxonomy":"post_tag","embeddable":true,"href":"https:\/\/www.radioluna.it\/news\/wp-json\/wp\/v2\/tags?post=163793"}],"curies":[{"name":"wp","href":"https:\/\/api.w.org\/{rel}","templated":true}]}}